{"id":22171,"date":"2017-06-21T17:02:19","date_gmt":"2017-06-21T15:02:19","guid":{"rendered":"https:\/\/blog.ilgiornale.it\/ruzzo\/?p=22171"},"modified":"2017-06-21T17:02:19","modified_gmt":"2017-06-21T15:02:19","slug":"ekirun-la-corsa-giapponese","status":"publish","type":"post","link":"https:\/\/blog.ilgiornale.it\/ruzzo\/2017\/06\/21\/ekirun-la-corsa-giapponese\/","title":{"rendered":"Ekirun, la corsa giapponese"},"content":{"rendered":"<p><a href=\"https:\/\/blog.ilgiornale.it\/ruzzo\/files\/2017\/06\/unnamed-1.jpg\"><img loading=\"lazy\" class=\"alignright size-medium wp-image-22172\" src=\"https:\/\/blog.ilgiornale.it\/ruzzo\/files\/2017\/06\/unnamed-1-300x206.jpg\" alt=\"unnamed (1)\" width=\"300\" height=\"206\" srcset=\"https:\/\/blog.ilgiornale.it\/ruzzo\/files\/2017\/06\/unnamed-1-300x206.jpg 300w, https:\/\/blog.ilgiornale.it\/ruzzo\/files\/2017\/06\/unnamed-1.jpg 600w\" sizes=\"(max-width: 300px) 100vw, 300px\" \/><\/a>Terzo anno consecutivo per Ekirun a Milano, la corsa di ispirazione giapponese introdotta per la prima volta in Italia da <strong>RCS Active Team- RCS Sport.<\/strong> Si corre\u00a0domenica 2 luglio \u00a0con partenza alle 18.30, sulla pista dell&#8217;Arena Civica &#8216;&#8221;Gianni Brera&#8221;&#8216;. Ekirun \u00e8 un ekiden , ovvero una staffetta su strada divisa in 6 frazioni (tre &#8216;lunghe&#8217; e tre &#8216;corte&#8217; alternate: 5 km \/ 10 km \/ 5 km \/ 10 km \/ 5 km \/ 7,195 km) sulla lunghezza della maratona, 42,195 km \u00a0 in squadre da 6 persone, maschili, femminili oppure miste. Su un percorso ad anello che si sviluppa all&#8217;interno di Parco Sempione, con start e arrivo in Arena Civica, che andr\u00e0 a toccare i suoi punti simbolo come l&#8217;Arco della Pace, la Triennale e il Castello Sforzesco. E proprio la pista di atletica sar\u00e0 teatro di tutti i cambi, effettuati tramite la cerimonia di passaggio del tasuki, una fascia da indossare a tracolla che costituisce il tipico testimone nelle gare di ekiden. C\u2019\u00e8 una storia dietro questa corsa che ormai fa parte della tradizione sportiva del Sol Levante. Una sfida che deriva da eki, stazione e den, trasmettere nata nel 1917 sul tracciato di\u00a0508 chilometri che unice Kyoto a Tokio. Poi, di anno in anno, \u00e8 diventata una gara sempre pi\u00f9 popolare perch\u00e9 i giapponesi gli riconoscono anche una funzione propedeutica e formativa, la stessa che la corsa campestre ha da noi. E cos\u00ec gli Ekiden si sono moltiplicati. Sono diventati la sfida a staffetta classica sulle distanze pi\u00f9 diverse. Sempre pi\u00f9 popolari fino a superare i confini e sbarcare in Europa a Parigi e Bruxelles. Ed ora tocca anche all\u2019Italia. Le lunghezze delle gare di ekiden in Giappone possono variare notevolmente, cos\u00ec come il numero di membri per ciascuna squadra. All\u2019Arena andr\u00e0, dunque, in scena una celebrazione del <em>made in Japan<\/em>, con le squadre accolte ai nastri di partenza da un gruppo di suonatori <em>taiko<\/em>, tamburi tradizionali che scandiranno i momenti clou della manifestazione. I premi e i trofei avranno, infine, la forma di origami realizzati a mano, in linea con i valori fondamentali della cultura giapponese, quali solidariet\u00e0, spirito di cooperazione, condivisione e divertimento. \u00a0L\u2019edizione 2017 di <span class=\"il\">Ekirun<\/span> presenta alcune importanti novit\u00e0: in primo luogo la nuova data, anticipata da inizio autunno al primo weekend di luglio, una stagione tradizionalmente pi\u00f9 adatta alle corse su distanze brevi come quelle delle frazioni dell\u2019Ekiden. In considerazione del periodo estivo, si \u00e8 stabilito l\u2019orario di partenza nel tardo pomeriggio, per evitare le ore pi\u00f9 calde della giornata, scegliendo inoltre il giorno di domenica in modo che <span class=\"il\">Ekirun<\/span> possa diventare un piacevole momento di chiusura del weekend, senza spezzare il fine-settimana.<\/p>\n","protected":false},"excerpt":{"rendered":"<p><p>Terzo anno consecutivo per Ekirun a Milano, la corsa di ispirazione giapponese introdotta per la prima volta in Italia da RCS Active Team- RCS Sport. Si corre\u00a0domenica 2 luglio \u00a0con partenza alle 18.30, sulla pista dell&#8217;Arena Civica &#8216;&#8221;Gianni Brera&#8221;&#8216;. Ekirun \u00e8 un ekiden , ovvero una staffetta su strada divisa in 6 frazioni (tre &#8216;lunghe&#8217; e tre &#8216;corte&#8217; alternate: 5 km \/ 10 km \/ 5 km \/ 10 km \/ 5 km \/ 7,195 km) sulla lunghezza della maratona, 42,195 km \u00a0 in squadre da 6 persone, maschili, femminili oppure miste. Su un percorso ad anello che si sviluppa [&hellip;]<\/p>\n&nbsp;&nbsp;<div class=\"readmore\"><a href=\"https:\/\/blog.ilgiornale.it\/ruzzo\/2017\/06\/21\/ekirun-la-corsa-giapponese\/\">Continua a leggere...<\/a><\/div><\/p>","protected":false},"author":956,"featured_media":0,"comment_status":"open","ping_status":"closed","sticky":false,"template":"","format":"standard","meta":[],"categories":[1],"tags":[58846,58847],"_links":{"self":[{"href":"https:\/\/blog.ilgiornale.it\/ruzzo\/wp-json\/wp\/v2\/posts\/22171"}],"collection":[{"href":"https:\/\/blog.ilgiornale.it\/ruzzo\/wp-json\/wp\/v2\/posts"}],"about":[{"href":"https:\/\/blog.ilgiornale.it\/ruzzo\/wp-json\/wp\/v2\/types\/post"}],"author":[{"embeddable":true,"href":"https:\/\/blog.ilgiornale.it\/ruzzo\/wp-json\/wp\/v2\/users\/956"}],"replies":[{"embeddable":true,"href":"https:\/\/blog.ilgiornale.it\/ruzzo\/wp-json\/wp\/v2\/comments?post=22171"}],"version-history":[{"count":1,"href":"https:\/\/blog.ilgiornale.it\/ruzzo\/wp-json\/wp\/v2\/posts\/22171\/revisions"}],"predecessor-version":[{"id":22173,"href":"https:\/\/blog.ilgiornale.it\/ruzzo\/wp-json\/wp\/v2\/posts\/22171\/revisions\/22173"}],"wp:attachment":[{"href":"https:\/\/blog.ilgiornale.it\/ruzzo\/wp-json\/wp\/v2\/media?parent=22171"}],"wp:term":[{"taxonomy":"category","embeddable":true,"href":"https:\/\/blog.ilgiornale.it\/ruzzo\/wp-json\/wp\/v2\/categories?post=22171"},{"taxonomy":"post_tag","embeddable":true,"href":"https:\/\/blog.ilgiornale.it\/ruzzo\/wp-json\/wp\/v2\/tags?post=22171"}],"curies":[{"name":"wp","href":"https:\/\/api.w.org\/{rel}","templated":true}]}}