{"id":22183,"date":"2017-06-23T12:45:05","date_gmt":"2017-06-23T10:45:05","guid":{"rendered":"https:\/\/blog.ilgiornale.it\/ruzzo\/?p=22183"},"modified":"2017-06-23T12:45:34","modified_gmt":"2017-06-23T10:45:34","slug":"troppo-caldo-ekirun-slitta-a-novembre","status":"publish","type":"post","link":"https:\/\/blog.ilgiornale.it\/ruzzo\/2017\/06\/23\/troppo-caldo-ekirun-slitta-a-novembre\/","title":{"rendered":"Troppo caldo, Ekirun slitta a  novembre"},"content":{"rendered":"<p><a href=\"https:\/\/blog.ilgiornale.it\/ruzzo\/files\/2017\/06\/Ekirun_partenza_ph.-ANSA.jpg\"><img loading=\"lazy\" class=\"alignleft size-medium wp-image-22185\" src=\"https:\/\/blog.ilgiornale.it\/ruzzo\/files\/2017\/06\/Ekirun_partenza_ph.-ANSA-300x210.jpg\" alt=\"Ekirun_partenza_ph.-ANSA\" width=\"300\" height=\"210\" srcset=\"https:\/\/blog.ilgiornale.it\/ruzzo\/files\/2017\/06\/Ekirun_partenza_ph.-ANSA-300x210.jpg 300w, https:\/\/blog.ilgiornale.it\/ruzzo\/files\/2017\/06\/Ekirun_partenza_ph.-ANSA.jpg 670w\" sizes=\"(max-width: 300px) 100vw, 300px\" \/><\/a>Era gi\u00e0 stata posticipata nel tardo pomeriggio ma l\u2019intensa ondata di caldo di queste ultime settimane, che sta rendendo difficile a tutti runner continuare la normale attivit\u00e0 sportiva, insieme con alcune problematiche di tipo organizzativo emerse negli ultimi giorni, hanno convinto RCS Active Team \u2013 RCS Sport a posticipare la data di svolgimento di Ekirun da domenica 2 luglio al prossimo autunno. &#8220;La maratona a staffetta per squadre di 6 persone si svolger\u00e0<strong> domenica 12 novembre,<\/strong> in orario mattutino- spiegano gli organizzatori in una nota- \u00a0Il format rimarr\u00e0 invariato&#8221;. E cio\u00e8 sar\u00e0 un \u00a0un <em>ekiden <\/em>(dal giapponese <em>eki<\/em>, stazione, e <em>den<\/em>, trasmettere), ovvero una corsa a staffetta su strada divisa in 6 frazioni (tre \u00ablunghe\u00bb e tre \u00abcorte\u00bb, alternate: 5 km \/ 10 km \/ 5 km \/ 10 km \/ 5 km \/ 7,195 km), da affrontare esclusivamente in squadre da 6 persone, maschili, femminili o miste. \u00a0Non cambier\u00e0 neppure il percorso \u00a0che \u00e8 stato confermato sull\u2019anello di 5 km gi\u00e0 misurato e omologato sviluppata a ll\u2019interno del Parco Sempione e lungo la ciclabile di Piazza Castello con partenza e arrivo sulla pista dell\u2019Arena Civica, dove avverranno anche tutti i cambi tra gli staffettisti. \u00a0&#8220;La decisione \u00e8 stata condivisa con i partner dell\u2019evento:E.On, DF Sport Specialist, NamedSport, Weleda e Sangemini- psiega l&#8217;organizzazione- \u00a0che saranno a fianco di Ekirun anche nella nuova collocazione autunnale. Confermata anche la partecipazione delle squadre Nike+ Run Club, con le quali si svilupper\u00e0 un percorso di avvicinamento all\u2019evento a partire da settembre&#8221;.<\/p>\n","protected":false},"excerpt":{"rendered":"<p><p>Era gi\u00e0 stata posticipata nel tardo pomeriggio ma l\u2019intensa ondata di caldo di queste ultime settimane, che sta rendendo difficile a tutti runner continuare la normale attivit\u00e0 sportiva, insieme con alcune problematiche di tipo organizzativo emerse negli ultimi giorni, hanno convinto RCS Active Team \u2013 RCS Sport a posticipare la data di svolgimento di Ekirun da domenica 2 luglio al prossimo autunno. &#8220;La maratona a staffetta per squadre di 6 persone si svolger\u00e0 domenica 12 novembre, in orario mattutino- spiegano gli organizzatori in una nota- \u00a0Il format rimarr\u00e0 invariato&#8221;. E cio\u00e8 sar\u00e0 un \u00a0un ekiden (dal giapponese eki, stazione, e [&hellip;]<\/p>\n&nbsp;&nbsp;<div class=\"readmore\"><a href=\"https:\/\/blog.ilgiornale.it\/ruzzo\/2017\/06\/23\/troppo-caldo-ekirun-slitta-a-novembre\/\">Continua a leggere...<\/a><\/div><\/p>","protected":false},"author":956,"featured_media":0,"comment_status":"open","ping_status":"closed","sticky":false,"template":"","format":"standard","meta":[],"categories":[1],"tags":[58847],"_links":{"self":[{"href":"https:\/\/blog.ilgiornale.it\/ruzzo\/wp-json\/wp\/v2\/posts\/22183"}],"collection":[{"href":"https:\/\/blog.ilgiornale.it\/ruzzo\/wp-json\/wp\/v2\/posts"}],"about":[{"href":"https:\/\/blog.ilgiornale.it\/ruzzo\/wp-json\/wp\/v2\/types\/post"}],"author":[{"embeddable":true,"href":"https:\/\/blog.ilgiornale.it\/ruzzo\/wp-json\/wp\/v2\/users\/956"}],"replies":[{"embeddable":true,"href":"https:\/\/blog.ilgiornale.it\/ruzzo\/wp-json\/wp\/v2\/comments?post=22183"}],"version-history":[{"count":3,"href":"https:\/\/blog.ilgiornale.it\/ruzzo\/wp-json\/wp\/v2\/posts\/22183\/revisions"}],"predecessor-version":[{"id":22188,"href":"https:\/\/blog.ilgiornale.it\/ruzzo\/wp-json\/wp\/v2\/posts\/22183\/revisions\/22188"}],"wp:attachment":[{"href":"https:\/\/blog.ilgiornale.it\/ruzzo\/wp-json\/wp\/v2\/media?parent=22183"}],"wp:term":[{"taxonomy":"category","embeddable":true,"href":"https:\/\/blog.ilgiornale.it\/ruzzo\/wp-json\/wp\/v2\/categories?post=22183"},{"taxonomy":"post_tag","embeddable":true,"href":"https:\/\/blog.ilgiornale.it\/ruzzo\/wp-json\/wp\/v2\/tags?post=22183"}],"curies":[{"name":"wp","href":"https:\/\/api.w.org\/{rel}","templated":true}]}}