{"id":22250,"date":"2017-07-03T17:11:48","date_gmt":"2017-07-03T15:11:48","guid":{"rendered":"https:\/\/blog.ilgiornale.it\/ruzzo\/?p=22250"},"modified":"2017-07-03T17:11:48","modified_gmt":"2017-07-03T15:11:48","slug":"bimbi-terribili-e-triatleti","status":"publish","type":"post","link":"https:\/\/blog.ilgiornale.it\/ruzzo\/2017\/07\/03\/bimbi-terribili-e-triatleti\/","title":{"rendered":"Bimbi terribili e triatleti"},"content":{"rendered":"<div>\n<div class=\"m_-2847486492242556322block-grid\">\n<div class=\"m_-2847486492242556322col m_-2847486492242556322num12\">\n<p><strong><a href=\"https:\/\/blog.ilgiornale.it\/ruzzo\/files\/2017\/07\/terr.gif\"><img loading=\"lazy\" class=\"alignright size-medium wp-image-22252\" src=\"https:\/\/blog.ilgiornale.it\/ruzzo\/files\/2017\/07\/terr-228x300.gif\" alt=\"terr\" width=\"228\" height=\"300\" \/><\/a>Pierluigi Righetti<\/strong> \u00e8 un triatleta ma questo non \u00e8 un gran merito, perch\u00e8 \u00a0come lui ce ne sono tanti ( sempre di pi\u00f9) e sicuramente \u00a0anche pi\u00f9 forti. Ma il dottor Righetti \u00e8 anche uno psicoterapeuta\u00a0dell\u2019Azienda Ulss 3 Serenissima\u00a0che da sempre sostiene che avvicinare i bambini che presentano disabilit\u00e0 fisiche o mentali anche gravi alla pratica sportiva sia utile e contribuisca a farli vivere meglio. \u00a0E questo fa. Tant&#8217;\u00e8 che poche settimane fa al <strong>Challenge Venice<\/strong> ne ha portati \u00a014, con l&#8217;aiuto dei volontari della <strong>Polisportiva Terraglio <\/strong>che ha coinvolto anche medici pediatri di famiglia, a correre la staffetta sulla distanza completa dei 3,8 chilometri di nuoto, 180 in bici e sui 42 della maratona finale. \u00a0E questo, non c&#8217;\u00e8 neanche bisogno di sottolinearlo \u00e8 un merito. Anzi, pi\u00f9 di un merito. <strong>&#8220;Bambini terribili &#8230;for a smile&#8221;<\/strong> \u00e8 un progetto \u00a0che unisce sport e solidariet\u00e0 ma \u00e8 stato soprattutto un\u2019esperienza sportiva, riabilitativa, psicologica e relazionale per i ragazzi ma anche per chi quotidianamente sta loro accanto. Ed era una sfida doppia che \u00e8 serviva a \u00a0sensibilizzare sulle \u00a0problematiche legate ai temi dell\u2019inclusione sociale e dello sport come strumento di integrazione e di miglioramento dello stile di vita anche in condizioni di disabilit\u00e0 ma soprattutto\u00a0serviva\u00a0a raccogliere fondi per consentire l\u2019acquisto di attrezzature per la riabilitazione di bambini disabili e permettere loro la pratica sportiva presso la stessa Polisportiva Terraglio che da oltre 30 anni attiva in questo ambito. La\u00a0<strong>Lotto Relay<\/strong>, la staffetta charity che ha visto oltre 20 squadre prendere il via e alternare i propri frazionisti (da 4 a 7) lungo il percorso, aveva questa missione. Che \u00e8 stata portata a termine con successo se si considera che proprio grazie al ricavato delle quote d\u2019iscrizioni \u00a0e alle donazioni dei singoli atleti \u00a0il comitato organizzatore di Challenge Venice ha potuto donare ai \u201cBambini Terribili\u201d un assegno di seimila euro.\u00a0\u00abIl progetto ha avuto un grande successo, e noi tutti vogliamo che continui\u00a0&#8211; spiega <strong>Matteo Gerevini<\/strong>, race director di <strong>Challenge Venice<\/strong>, &#8211;\u00a0Tra i ragazzi, le famiglie e lo staff si \u00e8 creato un autentico spirito di squadra che ha portato dei benefici incredibili e il messaggio trasmesso \u00e8 talmente carico di elementi positivi che non \u00e8 pensabile disperderlo. <strong>Pierluigi Righetti<\/strong> ha avuto una grande idea e noi siamo pronti a supportarlo anche in futuro. Il ringraziamento \u00a0va a quanti si sono prodigati per una iniziativa impegnativa, prima fra tutti\u00a0<strong>Elisabetta Pusiol<\/strong>\u00a0della Polisportiva Terraglio che ha supportato il progetto sin dai primi passi, ma un grosso grazie va soprattutto ai \u201cBambini Terribili\u201d ed alle loro famiglie, che con il loro\u00a0entusiasmo e la loro\u00a0passione hanno permesso a questa iniziativa di avere un grande successo&#8221;<\/p>\n<\/div>\n<\/div>\n<\/div>\n","protected":false},"excerpt":{"rendered":"<p><p>Pierluigi Righetti \u00e8 un triatleta ma questo non \u00e8 un gran merito, perch\u00e8 \u00a0come lui ce ne sono tanti ( sempre di pi\u00f9) e sicuramente \u00a0anche pi\u00f9 forti. Ma il dottor Righetti \u00e8 anche uno psicoterapeuta\u00a0dell\u2019Azienda Ulss 3 Serenissima\u00a0che da sempre sostiene che avvicinare i bambini che presentano disabilit\u00e0 fisiche o mentali anche gravi alla pratica sportiva sia utile e contribuisca a farli vivere meglio. \u00a0E questo fa. Tant&#8217;\u00e8 che poche settimane fa al Challenge Venice ne ha portati \u00a014, con l&#8217;aiuto dei volontari della Polisportiva Terraglio che ha coinvolto anche medici pediatri di famiglia, a correre la staffetta sulla [&hellip;]<\/p>\n&nbsp;&nbsp;<div class=\"readmore\"><a href=\"https:\/\/blog.ilgiornale.it\/ruzzo\/2017\/07\/03\/bimbi-terribili-e-triatleti\/\">Continua a leggere...<\/a><\/div><\/p>","protected":false},"author":956,"featured_media":0,"comment_status":"open","ping_status":"closed","sticky":false,"template":"","format":"standard","meta":[],"categories":[1],"tags":[215931,80940,80985,215932,215933],"_links":{"self":[{"href":"https:\/\/blog.ilgiornale.it\/ruzzo\/wp-json\/wp\/v2\/posts\/22250"}],"collection":[{"href":"https:\/\/blog.ilgiornale.it\/ruzzo\/wp-json\/wp\/v2\/posts"}],"about":[{"href":"https:\/\/blog.ilgiornale.it\/ruzzo\/wp-json\/wp\/v2\/types\/post"}],"author":[{"embeddable":true,"href":"https:\/\/blog.ilgiornale.it\/ruzzo\/wp-json\/wp\/v2\/users\/956"}],"replies":[{"embeddable":true,"href":"https:\/\/blog.ilgiornale.it\/ruzzo\/wp-json\/wp\/v2\/comments?post=22250"}],"version-history":[{"count":2,"href":"https:\/\/blog.ilgiornale.it\/ruzzo\/wp-json\/wp\/v2\/posts\/22250\/revisions"}],"predecessor-version":[{"id":22253,"href":"https:\/\/blog.ilgiornale.it\/ruzzo\/wp-json\/wp\/v2\/posts\/22250\/revisions\/22253"}],"wp:attachment":[{"href":"https:\/\/blog.ilgiornale.it\/ruzzo\/wp-json\/wp\/v2\/media?parent=22250"}],"wp:term":[{"taxonomy":"category","embeddable":true,"href":"https:\/\/blog.ilgiornale.it\/ruzzo\/wp-json\/wp\/v2\/categories?post=22250"},{"taxonomy":"post_tag","embeddable":true,"href":"https:\/\/blog.ilgiornale.it\/ruzzo\/wp-json\/wp\/v2\/tags?post=22250"}],"curies":[{"name":"wp","href":"https:\/\/api.w.org\/{rel}","templated":true}]}}