{"id":22308,"date":"2017-07-11T18:06:50","date_gmt":"2017-07-11T16:06:50","guid":{"rendered":"https:\/\/blog.ilgiornale.it\/ruzzo\/?p=22308"},"modified":"2017-07-11T18:06:50","modified_gmt":"2017-07-11T16:06:50","slug":"macerone-e-sferracavalli-la-bici-che-fu","status":"publish","type":"post","link":"https:\/\/blog.ilgiornale.it\/ruzzo\/2017\/07\/11\/macerone-e-sferracavalli-la-bici-che-fu\/","title":{"rendered":"Macerone e Sferracavalli, la bici che fu"},"content":{"rendered":"<p><a href=\"https:\/\/blog.ilgiornale.it\/ruzzo\/files\/2017\/07\/8dff55ed-b403-4a69-aa13-b392b6b1abec1.jpg\"><img loading=\"lazy\" class=\"alignright size-medium wp-image-22310\" src=\"https:\/\/blog.ilgiornale.it\/ruzzo\/files\/2017\/07\/8dff55ed-b403-4a69-aa13-b392b6b1abec1-300x225.jpg\" alt=\"8dff55ed-b403-4a69-aa13-b392b6b1abec1\" width=\"300\" height=\"225\" srcset=\"https:\/\/blog.ilgiornale.it\/ruzzo\/files\/2017\/07\/8dff55ed-b403-4a69-aa13-b392b6b1abec1-300x225.jpg 300w, https:\/\/blog.ilgiornale.it\/ruzzo\/files\/2017\/07\/8dff55ed-b403-4a69-aa13-b392b6b1abec1.jpg 671w\" sizes=\"(max-width: 300px) 100vw, 300px\" \/><\/a>Da Cerro al Volturno ad Alfedena, fino a Barrea, \u00a0Pescasseroli e ritorno. Pi\u00f9 di un centinaio di chilometri nel parco d&#8217;Abruzzo su \u00e8 gi\u00f9 per salite e discese da San Francesco alla mitica Sferracavalli deviazione non necessaria ma quasi obbligatoria per chi ama pedalare arrampicandosi su strade mitiche e solitarie. Deviazione che spiega pi\u00f9 di ogni racconto qual \u00e8 l&#8217;essenza del ciclismo, che ha un senso solo in salita e che spiega quale sia la differenza tra pedalare sulle provinciali trafficate della padania e le vie abbandonate di un pezzo di Parco che sembra un luogo dello spirito . La salita che da Castel di Sangro sale a Roccaraso e la continuazione del Macerone che da Isernia sale a Rionero Sannitico. Strade note al Giro D&#8217;italia, strade di grandi imprese e di grandi campioni. Stessi panorami, stessi tornanti, \u00a0pi\u00f9 o meno stesse pendenze. Stessa &#8220;pasta&#8221; insomma. Da queste\u00a0parti in dialetto \u00a0la chiamano\u00a0<strong>\u201cSferracavalli\u201d<\/strong>\u00a0perch\u00e8 la salita che va da\u00a0<strong>Castel di Sangro<\/strong>\u00a0a\u00a0<strong>Roccaraso<\/strong>\u00a0\u00e8 talmente ripida che tanti anni fa chi fa la faceva a cavallo perdeva i ferri che stavano sotto gli zoccoli. Poi sono arrivate le auto. Si va su in seconda e a volte anche in prima a meno che non nevichi perch\u00e8 allora non bastano neppure le gomme termiche: servono le catene. E infatti ricordo che una quarantina di anni fa i ragazzi che volevano raggranellare qualche lira si appostavano all\u2019inizio della Sferracavalli proprio per montar catene ai turisti che arrivavano da<strong>\u00a0Napoli<\/strong>\u00a0per andare a sciare sulle piste\u00a0 dell\u2019\u00a0<strong>Aremogna.<\/strong>\u00a0Ora , da quando dalla parte opposta della valle, \u00e8 stata aperta la nuova \u00a0superstrada la<strong>\u00a0Sferracavalli<\/strong>\u00a0\u00e8 diventata una strada per pochi appassionati. Soprattutto per ciclisti. Che qui ci provano e si mettono alla prova. E\u2019 quasi un esame di laurea: se sali qui vai quasi dappertutto. Una decina di chilometri che lasciano il segno, soprattutto nelle gambe. Con due o tre tratti dritti che non finiscono mai \u00a0dopo il bivio che porta a\u00a0<strong>Roccacinquemiglia<\/strong>. E si sale anche per andare l\u00ec. Un paesino che domina la valle\u00a0 fatto di case in pietra e con una piazza d\u2019altri tempi dove c\u2019\u00e8 una luce che sembra di essere in un angolo di Grecia. C\u2019\u00e8 anche un ufficio postale che apre tre giorni la settimana per gli anziani che devono spedire qualche raccomandata o, pi\u00f9 cosa pi\u00f9 importante, ritirare la pensione. Un altro mondo dove il tempo pare quasi essersi fermato. Come su queste salite silenziose, dove la bici ritrova il tempo che fu&#8230;<\/p>\n","protected":false},"excerpt":{"rendered":"<p><p>Da Cerro al Volturno ad Alfedena, fino a Barrea, \u00a0Pescasseroli e ritorno. Pi\u00f9 di un centinaio di chilometri nel parco d&#8217;Abruzzo su \u00e8 gi\u00f9 per salite e discese da San Francesco alla mitica Sferracavalli deviazione non necessaria ma quasi obbligatoria per chi ama pedalare arrampicandosi su strade mitiche e solitarie. Deviazione che spiega pi\u00f9 di ogni racconto qual \u00e8 l&#8217;essenza del ciclismo, che ha un senso solo in salita e che spiega quale sia la differenza tra pedalare sulle provinciali trafficate della padania e le vie abbandonate di un pezzo di Parco che sembra un luogo dello spirito . La [&hellip;]<\/p>\n&nbsp;&nbsp;<div class=\"readmore\"><a href=\"https:\/\/blog.ilgiornale.it\/ruzzo\/2017\/07\/11\/macerone-e-sferracavalli-la-bici-che-fu\/\">Continua a leggere...<\/a><\/div><\/p>","protected":false},"author":956,"featured_media":0,"comment_status":"open","ping_status":"closed","sticky":false,"template":"","format":"standard","meta":[],"categories":[1],"tags":[],"_links":{"self":[{"href":"https:\/\/blog.ilgiornale.it\/ruzzo\/wp-json\/wp\/v2\/posts\/22308"}],"collection":[{"href":"https:\/\/blog.ilgiornale.it\/ruzzo\/wp-json\/wp\/v2\/posts"}],"about":[{"href":"https:\/\/blog.ilgiornale.it\/ruzzo\/wp-json\/wp\/v2\/types\/post"}],"author":[{"embeddable":true,"href":"https:\/\/blog.ilgiornale.it\/ruzzo\/wp-json\/wp\/v2\/users\/956"}],"replies":[{"embeddable":true,"href":"https:\/\/blog.ilgiornale.it\/ruzzo\/wp-json\/wp\/v2\/comments?post=22308"}],"version-history":[{"count":2,"href":"https:\/\/blog.ilgiornale.it\/ruzzo\/wp-json\/wp\/v2\/posts\/22308\/revisions"}],"predecessor-version":[{"id":22311,"href":"https:\/\/blog.ilgiornale.it\/ruzzo\/wp-json\/wp\/v2\/posts\/22308\/revisions\/22311"}],"wp:attachment":[{"href":"https:\/\/blog.ilgiornale.it\/ruzzo\/wp-json\/wp\/v2\/media?parent=22308"}],"wp:term":[{"taxonomy":"category","embeddable":true,"href":"https:\/\/blog.ilgiornale.it\/ruzzo\/wp-json\/wp\/v2\/categories?post=22308"},{"taxonomy":"post_tag","embeddable":true,"href":"https:\/\/blog.ilgiornale.it\/ruzzo\/wp-json\/wp\/v2\/tags?post=22308"}],"curies":[{"name":"wp","href":"https:\/\/api.w.org\/{rel}","templated":true}]}}