{"id":23152,"date":"2017-11-12T10:00:53","date_gmt":"2017-11-12T09:00:53","guid":{"rendered":"https:\/\/blog.ilgiornale.it\/ruzzo\/?p=23152"},"modified":"2017-11-12T10:16:22","modified_gmt":"2017-11-12T09:16:22","slug":"marco-olmo-a-69-anni-vince-lultra-africa-race","status":"publish","type":"post","link":"https:\/\/blog.ilgiornale.it\/ruzzo\/2017\/11\/12\/marco-olmo-a-69-anni-vince-lultra-africa-race\/","title":{"rendered":"Marco Olmo a 69 anni vince l&#8217;Ultra Africa Race"},"content":{"rendered":"<p><a href=\"https:\/\/blog.ilgiornale.it\/ruzzo\/files\/2017\/11\/olmo.jpg\"><img loading=\"lazy\" class=\"alignleft size-medium wp-image-23154\" src=\"https:\/\/blog.ilgiornale.it\/ruzzo\/files\/2017\/11\/olmo-300x200.jpg\" alt=\"olmo\" width=\"300\" height=\"200\" srcset=\"https:\/\/blog.ilgiornale.it\/ruzzo\/files\/2017\/11\/olmo-300x200.jpg 300w, https:\/\/blog.ilgiornale.it\/ruzzo\/files\/2017\/11\/olmo.jpg 787w\" sizes=\"(max-width: 300px) 100vw, 300px\" \/><\/a>&#8220;Correr\u00f2 fino alla fine&#8230;&#8221; aveva detto \u00a0qualche anno fa <strong>Marco Olmo,<\/strong> sul palco del Festival delle storie organizzato, con la passione che serve, \u00a0da Vittorio Macioce nel cuore della\u00a0<strong>Valle di Comino,\u00a0<\/strong>\u00a0terra di \u201cmezzo\u201d dove la Ciociaria accarezza Abruzzi e Molise, come si diceva una volta . Correr\u00f2 fino alla fine e vincer\u00f2 fino alla fine per\u00f2 si dovrebbe dire. \u00a0<strong>Marco Olmo<\/strong> aggiunge un altro tassello alla sua leggenda. \u00a0Sembra incredibile la sua storia ma \u00a0non lo \u00e8. Pi\u00f9 \u00a0e concreta che mai, senza fronzoli, social e selfie. Reale come la sua vita, i suoi racconti, le sue mani. Antica come il suo sguardo che \u00a0continua a guardare lontano. E cos\u00ec a 69 anni &#8220;profilo d&#8217;aquila&#8221;, come lo chiamano i francesi, vince l\u2019Ultra Africa Race in Mozambico. \u00a0Ventitr\u00e8 ore 16 minuti e 28 secondi per correre di 220 km, in cinque tappe, con 3.600 metri di dislivello in completa autosufficienza. \u00a0Dal lago di Nhambavale fino a Jangamo Beach sull&#8217;Oceano nel Sud del Mozambico. \u00a0La storia continua. Dalle imprese all\u2019Ultra Trail del Monte Bianco, ai successi nei deserti di tutto il mondo, all&#8217;ultima vittoria, un anno fa \u00a0all\u2019Ultra Bolivia Race che, solo chi non lo conosce , poteva pensare fosse l&#8217;atto finale di una carriera sportiva che in realt\u00e0 \u00e8 una scelta di vita, un ruvida filosofia. Correre fino alla fine. &#8220;Correre fino alla fine come gli animali&#8230;&#8221; ripete sempre <strong>Marco Olmo da Robilante<\/strong> che \u00e8 un incrocio tra un camoscio e un dromedario, che non conosce la fatica. Anzi, la conosce benissimo perch\u00e8 \u00a0lui \u00e8 uno che \u00a0ha lavorato sodo, una vita di sudore \u00a0sui camion e sulle ruspe nelle cave. \u00a0\u201cLa fatica esiste, eccome se esiste- mi raccontava qualche tempo fa in un\u2019intervista- Ma ognuno \u00e8 padrone del suo corpo. E\u2019 inutile barare . Doparsi \u00e8 come modificare la centralina al motore di una macchina: va di pi\u00f9, per\u00f2, se si rompe il motore della macchina lo cambi, se si rompe il nostro hai finito l\u00ec. Muori. \u00a0Ognuno poi paga o con la sua coscienza o con la sua salute. E prima o poi il conto arriva sempre\u201d. \u00a0 Ma non \u00e8 tempo ancora. \u00a0C&#8217;\u00e8 ancora la voglia di star seduti al tavolo, di continuare, un passo dopo l&#8217;altro, ad assaporare fino in fondo quel dolce tormento che d\u00e0 linfa alla vita.<\/p>\n","protected":false},"excerpt":{"rendered":"<p><p>&#8220;Correr\u00f2 fino alla fine&#8230;&#8221; aveva detto \u00a0qualche anno fa Marco Olmo, sul palco del Festival delle storie organizzato, con la passione che serve, \u00a0da Vittorio Macioce nel cuore della\u00a0Valle di Comino,\u00a0\u00a0terra di \u201cmezzo\u201d dove la Ciociaria accarezza Abruzzi e Molise, come si diceva una volta . Correr\u00f2 fino alla fine e vincer\u00f2 fino alla fine per\u00f2 si dovrebbe dire. \u00a0Marco Olmo aggiunge un altro tassello alla sua leggenda. \u00a0Sembra incredibile la sua storia ma \u00a0non lo \u00e8. Pi\u00f9 \u00a0e concreta che mai, senza fronzoli, social e selfie. Reale come la sua vita, i suoi racconti, le sue mani. Antica come [&hellip;]<\/p>\n&nbsp;&nbsp;<div class=\"readmore\"><a href=\"https:\/\/blog.ilgiornale.it\/ruzzo\/2017\/11\/12\/marco-olmo-a-69-anni-vince-lultra-africa-race\/\">Continua a leggere...<\/a><\/div><\/p>","protected":false},"author":956,"featured_media":0,"comment_status":"open","ping_status":"closed","sticky":false,"template":"","format":"standard","meta":[],"categories":[1],"tags":[],"_links":{"self":[{"href":"https:\/\/blog.ilgiornale.it\/ruzzo\/wp-json\/wp\/v2\/posts\/23152"}],"collection":[{"href":"https:\/\/blog.ilgiornale.it\/ruzzo\/wp-json\/wp\/v2\/posts"}],"about":[{"href":"https:\/\/blog.ilgiornale.it\/ruzzo\/wp-json\/wp\/v2\/types\/post"}],"author":[{"embeddable":true,"href":"https:\/\/blog.ilgiornale.it\/ruzzo\/wp-json\/wp\/v2\/users\/956"}],"replies":[{"embeddable":true,"href":"https:\/\/blog.ilgiornale.it\/ruzzo\/wp-json\/wp\/v2\/comments?post=23152"}],"version-history":[{"count":6,"href":"https:\/\/blog.ilgiornale.it\/ruzzo\/wp-json\/wp\/v2\/posts\/23152\/revisions"}],"predecessor-version":[{"id":23159,"href":"https:\/\/blog.ilgiornale.it\/ruzzo\/wp-json\/wp\/v2\/posts\/23152\/revisions\/23159"}],"wp:attachment":[{"href":"https:\/\/blog.ilgiornale.it\/ruzzo\/wp-json\/wp\/v2\/media?parent=23152"}],"wp:term":[{"taxonomy":"category","embeddable":true,"href":"https:\/\/blog.ilgiornale.it\/ruzzo\/wp-json\/wp\/v2\/categories?post=23152"},{"taxonomy":"post_tag","embeddable":true,"href":"https:\/\/blog.ilgiornale.it\/ruzzo\/wp-json\/wp\/v2\/tags?post=23152"}],"curies":[{"name":"wp","href":"https:\/\/api.w.org\/{rel}","templated":true}]}}