{"id":23171,"date":"2017-11-14T18:59:47","date_gmt":"2017-11-14T17:59:47","guid":{"rendered":"https:\/\/blog.ilgiornale.it\/ruzzo\/?p=23171"},"modified":"2017-11-14T18:59:47","modified_gmt":"2017-11-14T17:59:47","slug":"macche-disfatta-azzurra-il-cielo-e-sempre-piu-blu","status":"publish","type":"post","link":"https:\/\/blog.ilgiornale.it\/ruzzo\/2017\/11\/14\/macche-disfatta-azzurra-il-cielo-e-sempre-piu-blu\/","title":{"rendered":"Macch\u00e8 disfatta azzurra: il cielo \u00e8 sempre pi\u00f9 blu"},"content":{"rendered":"<p>Non serve essere tecnici di calcio per capire che la disfatta azzurra non \u00e8 solo una sconfitta pallonara. Non \u00e8 un fatto di modulo,\u00a0<em>trequattrotre, trecinquedue, quattroduequattro<\/em>\u00a0o chiss\u00e0 che. Non sono le scelte \u201csventurate\u201d di\u00a0<strong>Giampiero Ventura<\/strong>. L\u2019Italia che dopo sessant\u2019anni non va al mondiale \u00e8 un danno economico, \u00e8 un caso politico con tanto di interrogazioni parlamentari annunciate \u00a0e con tanto di psicodramma nazionale in diretta dai Tg ai giornali, dagli uffici ai bar , dai circoli alle parrocchie. L\u2019Italia senza il calcio non ci sa stare ed ecco allora che il mondiale russo che sfuma diventa l\u2019Apocalisse annunciata a sproposito dal presidente federale\u00a0<strong>Carlo Tavecchio.<\/strong>\u00a0Cos\u00ec, tanto per dare un seguito ai 180 minuti giocati sul campo contro gli svedesi che ci hanno impacchettato come un mobile dell\u2019Ikea e rimandato a casa, ora ci tocca assistere ai supplementari di una vicenda che tra le tante chiacchiere credo sia destinata a finire come sempre nel nostro Paese, cio\u00e8 a tarallucci e vino. Il presidente de Coni\u00a0<strong>Giovanni Malag\u00f2<\/strong>\u00a0e il ministro dello sport \u00a0<strong>Luca Lotti ,<\/strong>\u00a0con parole diverse e toni diversi, in pratica hanno chiesto le dimissioni del presidente dell Figc \u00a0che per\u00f2 non ci sente e, nello stile pi\u00f9 consolidato di un sistema politico che incarna e rappresenta, rester\u00e0 al suo posto. Negare, negare sempre e soprattutto mai dimettersi \u00e8 questa la parola d\u2019ordine su cui sono state costruiti negli anni i destini di chi ricopre cariche federali, politiche e amministrative. E le federazioni \u00a0(tutte) che sono propaggine e terreno per le nomine dei partiti politici in applicazione delle pi\u00f9 antiche regole dei manuali Cencelli non fanno eccezione. Forse si dimetter\u00e0 Ventura come ha promesso ad un inviato delle iene che ieri sera lo ha incontrato casualmente in aereo: per\u00f2 non lo ha ancora fatto e invece doveva, subito ieri sera al Meazza, come avevano fatto i suoi predecessori <strong>Marcello Lippi<\/strong> e <strong>Cesare Prandelli<\/strong>. Vedremo. \u00a0Comunque vada non sar\u00e0 pi\u00f9 il commissario tecnico azzurro, perch\u00e8 una clausola del contratto rinnovato fino al 2020 glielo vieta nel caso di non raggiungimento della qualificazione per MOsca 2018. In quel caso il contratto scadrebbe a fine luglio e il \u201cmister\u201d dimettendosi perderebbe diverse centinaia di migliaia di euro. Da qui i dubbi su un suo gesto eroico. Ma perch\u00e8 poi dimettersi? Perch\u00e8 fare un passo indietro? \u00a0Perch\u00e8 fare ci\u00f2 che mai ( quasi mai ) nessuno nel nostro Paese fa? Gi\u00e0, perch\u00e8? \u00a0Perch\u00e8 al di l\u00e0 di uttte le chiacchiere, gli scenari, i progetti di rifondazione di un movimento calcistico di cui da stamattina tutti stanno pi\u00f9 o meno a ragion veduta discettando, le dimissioni dopo un fallimento epocale, qualsiasi esso sia, restano un atto di buona volont\u00e0. Restano l\u2019unica credibile ammissioni di colpa in un paese dove ormai nessuno sbaglia mai e quando le cose vanno male o malissimo lo sport pi\u00f9 diffuso \u00e8 quello di cercare ogni alibi possibile. Perch\u00e8 le dimissioni sono l\u2019unica sferzata di cui si sente il bisogno, un bell\u2019esame di coscienza da cui ripartire davvero. \u00a0Se no \u00a0torna in mente un grandissimo pezzo dell&#8217;indimenticanbile <strong>Rino Gaetano:<\/strong> \u201cChi ha perso e chi ha vinto, chi ha torto o ragione, \u00a0chi come ha trovato, chi tutto sommato \u2026\u201d Ma il cielo \u00e8 sempre pi\u00f9 blu\u2026<\/p>\n","protected":false},"excerpt":{"rendered":"<p><p>Non serve essere tecnici di calcio per capire che la disfatta azzurra non \u00e8 solo una sconfitta pallonara. Non \u00e8 un fatto di modulo,\u00a0trequattrotre, trecinquedue, quattroduequattro\u00a0o chiss\u00e0 che. Non sono le scelte \u201csventurate\u201d di\u00a0Giampiero Ventura. L\u2019Italia che dopo sessant\u2019anni non va al mondiale \u00e8 un danno economico, \u00e8 un caso politico con tanto di interrogazioni parlamentari annunciate \u00a0e con tanto di psicodramma nazionale in diretta dai Tg ai giornali, dagli uffici ai bar , dai circoli alle parrocchie. L\u2019Italia senza il calcio non ci sa stare ed ecco allora che il mondiale russo che sfuma diventa l\u2019Apocalisse annunciata a sproposito [&hellip;]<\/p>\n&nbsp;&nbsp;<div class=\"readmore\"><a href=\"https:\/\/blog.ilgiornale.it\/ruzzo\/2017\/11\/14\/macche-disfatta-azzurra-il-cielo-e-sempre-piu-blu\/\">Continua a leggere...<\/a><\/div><\/p>","protected":false},"author":956,"featured_media":0,"comment_status":"open","ping_status":"closed","sticky":false,"template":"","format":"standard","meta":[],"categories":[1],"tags":[],"_links":{"self":[{"href":"https:\/\/blog.ilgiornale.it\/ruzzo\/wp-json\/wp\/v2\/posts\/23171"}],"collection":[{"href":"https:\/\/blog.ilgiornale.it\/ruzzo\/wp-json\/wp\/v2\/posts"}],"about":[{"href":"https:\/\/blog.ilgiornale.it\/ruzzo\/wp-json\/wp\/v2\/types\/post"}],"author":[{"embeddable":true,"href":"https:\/\/blog.ilgiornale.it\/ruzzo\/wp-json\/wp\/v2\/users\/956"}],"replies":[{"embeddable":true,"href":"https:\/\/blog.ilgiornale.it\/ruzzo\/wp-json\/wp\/v2\/comments?post=23171"}],"version-history":[{"count":1,"href":"https:\/\/blog.ilgiornale.it\/ruzzo\/wp-json\/wp\/v2\/posts\/23171\/revisions"}],"predecessor-version":[{"id":23172,"href":"https:\/\/blog.ilgiornale.it\/ruzzo\/wp-json\/wp\/v2\/posts\/23171\/revisions\/23172"}],"wp:attachment":[{"href":"https:\/\/blog.ilgiornale.it\/ruzzo\/wp-json\/wp\/v2\/media?parent=23171"}],"wp:term":[{"taxonomy":"category","embeddable":true,"href":"https:\/\/blog.ilgiornale.it\/ruzzo\/wp-json\/wp\/v2\/categories?post=23171"},{"taxonomy":"post_tag","embeddable":true,"href":"https:\/\/blog.ilgiornale.it\/ruzzo\/wp-json\/wp\/v2\/tags?post=23171"}],"curies":[{"name":"wp","href":"https:\/\/api.w.org\/{rel}","templated":true}]}}