{"id":23195,"date":"2017-11-19T17:41:13","date_gmt":"2017-11-19T16:41:13","guid":{"rendered":"https:\/\/blog.ilgiornale.it\/ruzzo\/?p=23195"},"modified":"2017-11-19T17:41:13","modified_gmt":"2017-11-19T16:41:13","slug":"tuttobici-nibali-re-della-notte-degli-oscar","status":"publish","type":"post","link":"https:\/\/blog.ilgiornale.it\/ruzzo\/2017\/11\/19\/tuttobici-nibali-re-della-notte-degli-oscar\/","title":{"rendered":"Tuttobici, Nibali re della notte degli Oscar"},"content":{"rendered":"<p><a href=\"https:\/\/blog.ilgiornale.it\/ruzzo\/files\/2017\/11\/gala.jpg\"><img loading=\"lazy\" class=\"alignleft size-medium wp-image-23196\" src=\"https:\/\/blog.ilgiornale.it\/ruzzo\/files\/2017\/11\/gala-300x88.jpg\" alt=\"gala\" width=\"300\" height=\"88\" srcset=\"https:\/\/blog.ilgiornale.it\/ruzzo\/files\/2017\/11\/gala-300x88.jpg 300w, https:\/\/blog.ilgiornale.it\/ruzzo\/files\/2017\/11\/gala.jpg 739w\" sizes=\"(max-width: 300px) 100vw, 300px\" \/><\/a>Per il ciclismo azzurro \u00e8 l&#8217;appuntamento pi\u00f9 atteso. Una grande festa che chiude la stagione e che incorona i migliori atleti dell&#8217;anno. Torna a Milano la grande <strong>Notte degli Oscar di TuttoBici.<\/strong> E domani sera nelle sale dell&#8217;Hotel Principe di Savoia saranno premiati, come accade ormai da 23 anni, i migliori atleti di ogni categoria, dagli Esordienti fino ai professionisti. La stella pi\u00f9 brillante sar\u00e0 quella di <strong>Vincenzo Nibali<\/strong> terzo quest&#8217;anno al Giro, secondo alla Vuelta e dominatore con una fuga perfetta a pochi chiolometri dall&#8217;arrivo di un Lombardia da incorniciare. Lombardia. Lo \u00absqualo\u00bb conquista il premio per la quinta volta in carriera tra i professionisti con l&#8217;aggiunta di un sesto riconoscimento tra gli juniores che vinse nel lontano 2002. \u00abHo sempre avuto questo premio nel cuore &#8211; spiega Vincenzo, che si sta godendo gli ultimi giorni di tranquillit\u00e0 prima di rimettersi al lavoro &#8211; perch\u00e9 premia il corridore pi\u00f9 continuo della stagione, quello capace di essere protagonista da febbraio a ottobre. Mancavo da due anni e ne sentivo la mancanza. Anzi, vi confesso che nelle ultime settimane seguivo con attenzione maniacale l&#8217;evolversi della classifica, con il buon Diego Ulissi che incalzava&#8230; Ma questa volta la sfida l&#8217;ho vinta io\u00bb. Ma non sar\u00e0 solo Nibali a salire sul palco. Accanto a lui la bicampionessa italiana <strong>Elisa Longo Borghini,<\/strong> la pluricampionessa mondiale ed europea <strong>Letizia Paternoster,<\/strong> il campione continentale <strong>Michele Gazzoli,<\/strong> il bielorusso <strong>Aliaksandr Riabushenko<\/strong> e il trentino <strong>Andrea Toniatti<\/strong> per le categorie Under 23 ed \u00c9lite, gli allievi <strong>Eleonora Gasparrini<\/strong> e <strong>Andrea Piccolo,<\/strong> gli esordienti <strong>Francesca Barale,<\/strong> <strong>Manuel Oioli<\/strong> e <strong>Dario Igor Belletta.<\/strong> Una passerella con tanti ospiti d&#8217;onore a cominciare da Paolo Slongo a cui sar\u00e0 consegnato l&#8217;Oscar quale miglior diesse italiano dell&#8217;anno) e campioni di ieri e di oggi. Come da tradizione la Notte degli Oscar ospiter\u00e0 anche un personaggio dello spettacolo e la stella di questa edizione sar\u00e0<strong> Serena Autieri.<\/strong><\/p>\n","protected":false},"excerpt":{"rendered":"<p><p>Per il ciclismo azzurro \u00e8 l&#8217;appuntamento pi\u00f9 atteso. Una grande festa che chiude la stagione e che incorona i migliori atleti dell&#8217;anno. Torna a Milano la grande Notte degli Oscar di TuttoBici. E domani sera nelle sale dell&#8217;Hotel Principe di Savoia saranno premiati, come accade ormai da 23 anni, i migliori atleti di ogni categoria, dagli Esordienti fino ai professionisti. La stella pi\u00f9 brillante sar\u00e0 quella di Vincenzo Nibali terzo quest&#8217;anno al Giro, secondo alla Vuelta e dominatore con una fuga perfetta a pochi chiolometri dall&#8217;arrivo di un Lombardia da incorniciare. Lombardia. Lo \u00absqualo\u00bb conquista il premio per la quinta [&hellip;]<\/p>\n&nbsp;&nbsp;<div class=\"readmore\"><a href=\"https:\/\/blog.ilgiornale.it\/ruzzo\/2017\/11\/19\/tuttobici-nibali-re-della-notte-degli-oscar\/\">Continua a leggere...<\/a><\/div><\/p>","protected":false},"author":956,"featured_media":0,"comment_status":"open","ping_status":"closed","sticky":false,"template":"","format":"standard","meta":[],"categories":[1],"tags":[],"_links":{"self":[{"href":"https:\/\/blog.ilgiornale.it\/ruzzo\/wp-json\/wp\/v2\/posts\/23195"}],"collection":[{"href":"https:\/\/blog.ilgiornale.it\/ruzzo\/wp-json\/wp\/v2\/posts"}],"about":[{"href":"https:\/\/blog.ilgiornale.it\/ruzzo\/wp-json\/wp\/v2\/types\/post"}],"author":[{"embeddable":true,"href":"https:\/\/blog.ilgiornale.it\/ruzzo\/wp-json\/wp\/v2\/users\/956"}],"replies":[{"embeddable":true,"href":"https:\/\/blog.ilgiornale.it\/ruzzo\/wp-json\/wp\/v2\/comments?post=23195"}],"version-history":[{"count":1,"href":"https:\/\/blog.ilgiornale.it\/ruzzo\/wp-json\/wp\/v2\/posts\/23195\/revisions"}],"predecessor-version":[{"id":23197,"href":"https:\/\/blog.ilgiornale.it\/ruzzo\/wp-json\/wp\/v2\/posts\/23195\/revisions\/23197"}],"wp:attachment":[{"href":"https:\/\/blog.ilgiornale.it\/ruzzo\/wp-json\/wp\/v2\/media?parent=23195"}],"wp:term":[{"taxonomy":"category","embeddable":true,"href":"https:\/\/blog.ilgiornale.it\/ruzzo\/wp-json\/wp\/v2\/categories?post=23195"},{"taxonomy":"post_tag","embeddable":true,"href":"https:\/\/blog.ilgiornale.it\/ruzzo\/wp-json\/wp\/v2\/tags?post=23195"}],"curies":[{"name":"wp","href":"https:\/\/api.w.org\/{rel}","templated":true}]}}