{"id":23503,"date":"2018-01-11T12:54:22","date_gmt":"2018-01-11T11:54:22","guid":{"rendered":"https:\/\/blog.ilgiornale.it\/ruzzo\/?p=23503"},"modified":"2018-01-11T17:00:55","modified_gmt":"2018-01-11T16:00:55","slug":"quatar-una-mezza-stellare-con-farah-e-dossena","status":"publish","type":"post","link":"https:\/\/blog.ilgiornale.it\/ruzzo\/2018\/01\/11\/quatar-una-mezza-stellare-con-farah-e-dossena\/","title":{"rendered":"Quatar, una mezza stellare con Farah. La Dossena non ce la fa"},"content":{"rendered":"<p><a href=\"https:\/\/blog.ilgiornale.it\/ruzzo\/files\/2018\/01\/2017-11-05T224619Z_1775884498_NOCID_RTRMADP_3_RUNNING-NEW-YORK-CITY-MARATHON-kyVB-U43390732899912Q2H-593x443@Corriere-Web-Sezioni.jpg\"><img loading=\"lazy\" class=\"alignleft size-medium wp-image-23505\" src=\"https:\/\/blog.ilgiornale.it\/ruzzo\/files\/2018\/01\/2017-11-05T224619Z_1775884498_NOCID_RTRMADP_3_RUNNING-NEW-YORK-CITY-MARATHON-kyVB-U43390732899912Q2H-593x443@Corriere-Web-Sezioni-300x224.jpg\" alt=\"2017-11-05T224619Z_1775884498_NOCID_RTRMADP_3_RUNNING-NEW-YORK-CITY-MARATHON-kyVB-U43390732899912Q2H-593x443@Corriere-Web-Sezioni\" width=\"300\" height=\"224\" srcset=\"https:\/\/blog.ilgiornale.it\/ruzzo\/files\/2018\/01\/2017-11-05T224619Z_1775884498_NOCID_RTRMADP_3_RUNNING-NEW-YORK-CITY-MARATHON-kyVB-U43390732899912Q2H-593x443@Corriere-Web-Sezioni-300x224.jpg 300w, https:\/\/blog.ilgiornale.it\/ruzzo\/files\/2018\/01\/2017-11-05T224619Z_1775884498_NOCID_RTRMADP_3_RUNNING-NEW-YORK-CITY-MARATHON-kyVB-U43390732899912Q2H-593x443@Corriere-Web-Sezioni.jpg 593w\" sizes=\"(max-width: 300px) 100vw, 300px\" \/><\/a>E&#8217; l&#8217;ora del Quatar, l&#8217;ora di Doha che per la maratona scatter\u00e0 domattina alle 6.30. Gara stellare soprattutto la &#8220;mezza&#8221; che al via vedr\u00e0 sua maest\u00e0 <strong>Mo Farah<\/strong> e non solo lui. Un <em>parterre de roi<\/em> per una gara ad inviti che potr\u00e0 contare sul tedesco\u00a0<strong>Arne Gabius<\/strong>,\u00a0 medaglia d\u2019argento agli europei nei 10.000 metri, sugli statunitensi\u00a0<strong>Ryan Vail (<\/strong>sempre nella top ten delle\u00a0maratone di Londra, Berlino e New York) e\u00a0\u00a0<strong>Abdi Abirahman<\/strong>,\u00a0 4 volte alle Olimpiadi nei 10.000 e terzo a New York. Al via anche l&#8217;azzurro<strong> Eyob Faniel,<\/strong> vincitore\u00a0 dell&#8217;ultima maratona di Venezia. Non ce la fa invece\u00a0 Sara Dossena, la campionessa italiana nei 10.000 metri e splendida\u00a0 sesta nell&#8217;ultima maratona newiorchese.\u00a0 L&#8217;azzurra era tra le pi\u00f9 attese al via ma un problema muscolare ad un polpaccio le gha fartto decidere prudentemente di non rischiare. &#8220;Nello sport prima di usare le gambe bisogna usare la testa- scrive su Facebook-\u00a0 Cos\u00ec domani non sar\u00f2 ai nastri di partenza della mezza maratona qui a Doha .\u00a0Il mio polpaccio non \u00e8 ancora guarito, non voglio forzare i tempi di recupero per poi doverne pagare le conseguenze. Rimarr\u00f2 qui fino al 22 gennaio ma non sono in vacanza, continuer\u00f2 a lavorare duramente in attesa di correre per non perdere la condizione&#8221;.\u00a0 La mezza di Doha era un appuntamento importante per l&#8217;azzurra perch\u00e8 faceva parte del suo programma di gare che culminer\u00e0 con i Campionati del Mondo di\u00a0Mezza\u00a0 <span style=\"color: #000000\">Maratona<\/span> a Valencia il prossimo 24 marzo e quindi era un buon test per verificare la condizione&#8221;.\u00a0La mezza maratona fa\u00a0 della <strong>Ooredoo Doha Marathon<\/strong>\u00a0che alla 42 km aggiunge anche\u00a0 gare di 10km e 5km per giovani e adulti e da 3km e 1km per bambini. Negli ultimi cinque anni la Ooredoo Doha Marathon \u00e8 cresciuta costantemente fino a diventare il pi\u00f9 grande evento di partecipazione di massa in Qatar che attira corridori da oltre 50 paesi. Per l\u2019edizione 2018 sono attesi 2.400 partecipanti di 83 nazionalit\u00e0.<\/p>\n","protected":false},"excerpt":{"rendered":"<p><p>E&#8217; l&#8217;ora del Quatar, l&#8217;ora di Doha che per la maratona scatter\u00e0 domattina alle 6.30. Gara stellare soprattutto la &#8220;mezza&#8221; che al via vedr\u00e0 sua maest\u00e0 Mo Farah e non solo lui. Un parterre de roi per una gara ad inviti che potr\u00e0 contare sul tedesco\u00a0Arne Gabius,\u00a0 medaglia d\u2019argento agli europei nei 10.000 metri, sugli statunitensi\u00a0Ryan Vail (sempre nella top ten delle\u00a0maratone di Londra, Berlino e New York) e\u00a0\u00a0Abdi Abirahman,\u00a0 4 volte alle Olimpiadi nei 10.000 e terzo a New York. Al via anche l&#8217;azzurro Eyob Faniel, vincitore\u00a0 dell&#8217;ultima maratona di Venezia. Non ce la fa invece\u00a0 Sara Dossena, la [&hellip;]<\/p>\n&nbsp;&nbsp;<div class=\"readmore\"><a href=\"https:\/\/blog.ilgiornale.it\/ruzzo\/2018\/01\/11\/quatar-una-mezza-stellare-con-farah-e-dossena\/\">Continua a leggere...<\/a><\/div><\/p>","protected":false},"author":956,"featured_media":0,"comment_status":"open","ping_status":"closed","sticky":false,"template":"","format":"standard","meta":[],"categories":[1],"tags":[],"_links":{"self":[{"href":"https:\/\/blog.ilgiornale.it\/ruzzo\/wp-json\/wp\/v2\/posts\/23503"}],"collection":[{"href":"https:\/\/blog.ilgiornale.it\/ruzzo\/wp-json\/wp\/v2\/posts"}],"about":[{"href":"https:\/\/blog.ilgiornale.it\/ruzzo\/wp-json\/wp\/v2\/types\/post"}],"author":[{"embeddable":true,"href":"https:\/\/blog.ilgiornale.it\/ruzzo\/wp-json\/wp\/v2\/users\/956"}],"replies":[{"embeddable":true,"href":"https:\/\/blog.ilgiornale.it\/ruzzo\/wp-json\/wp\/v2\/comments?post=23503"}],"version-history":[{"count":4,"href":"https:\/\/blog.ilgiornale.it\/ruzzo\/wp-json\/wp\/v2\/posts\/23503\/revisions"}],"predecessor-version":[{"id":23509,"href":"https:\/\/blog.ilgiornale.it\/ruzzo\/wp-json\/wp\/v2\/posts\/23503\/revisions\/23509"}],"wp:attachment":[{"href":"https:\/\/blog.ilgiornale.it\/ruzzo\/wp-json\/wp\/v2\/media?parent=23503"}],"wp:term":[{"taxonomy":"category","embeddable":true,"href":"https:\/\/blog.ilgiornale.it\/ruzzo\/wp-json\/wp\/v2\/categories?post=23503"},{"taxonomy":"post_tag","embeddable":true,"href":"https:\/\/blog.ilgiornale.it\/ruzzo\/wp-json\/wp\/v2\/tags?post=23503"}],"curies":[{"name":"wp","href":"https:\/\/api.w.org\/{rel}","templated":true}]}}