{"id":23527,"date":"2018-01-14T17:18:32","date_gmt":"2018-01-14T16:18:32","guid":{"rendered":"https:\/\/blog.ilgiornale.it\/ruzzo\/?p=23527"},"modified":"2018-01-14T17:18:32","modified_gmt":"2018-01-14T16:18:32","slug":"gala-del-triathlon-lobiettivo-di-zanardi","status":"publish","type":"post","link":"https:\/\/blog.ilgiornale.it\/ruzzo\/2018\/01\/14\/gala-del-triathlon-lobiettivo-di-zanardi\/","title":{"rendered":"Gal\u00e0 del Triathlon: l&#8217;Obiettivo di Zanardi"},"content":{"rendered":"<div class=\"desc-article\"><a href=\"https:\/\/blog.ilgiornale.it\/ruzzo\/files\/2018\/01\/infophoto_zanardi-2.jpg\"><img loading=\"lazy\" class=\"alignright size-medium wp-image-23528\" src=\"https:\/\/blog.ilgiornale.it\/ruzzo\/files\/2018\/01\/infophoto_zanardi-2-300x198.jpg\" alt=\"infophoto_zanardi-2\" width=\"300\" height=\"198\" srcset=\"https:\/\/blog.ilgiornale.it\/ruzzo\/files\/2018\/01\/infophoto_zanardi-2-300x198.jpg 300w, https:\/\/blog.ilgiornale.it\/ruzzo\/files\/2018\/01\/infophoto_zanardi-2.jpg 1000w\" sizes=\"(max-width: 300px) 100vw, 300px\" \/><\/a>Ormai \u00e8 una tradizione milanese quella del <strong>Gran Gal\u00e0<\/strong> dei triatleti. E Milano diventa la vetrina perfetta della multidisciplina azzurra. Venerd\u00ec\u00a0 9 febbraio si torner\u00e0 nella sede della Regione Lombardia sul palcoscenico dell\u2019Auditorium Testori dove,\u00a0 per una sera,\u00a0 scarpe da corsa e body da gara lasceranno spazio a tacchi e abiti lunghi per una passerella che porter\u00e0 sul palco gli atleti pi\u00f9 forti di uno sport che fa per tre. Tutto raccontato in uno show per scoprire chi, nella stagione scorsa, \u00e8 stato il migliore, il pi\u00f9 forte o solo il pi\u00f9 fortunato. Una kermesse che\u00a0<strong>Dario Nardone<\/strong>\u00a0, atleta e direttore di\u00a0 di <strong>Fcz.it.<\/strong>il portale del triathlon italiano\u00a0 <a href=\"http:\/\/www.fcz.it\/\">http:\/\/www.fcz.it\/<\/a>\u00a0,\u00a0ha inventato e voluto e che quest\u2019anno vedr\u00e0 tra i tanti ospiti anche <strong>Alex Zanardi\u00a0<\/strong> campione, pilota, paratleta olimpionico e da alcune stagioni anche triatleta e ironman. Tutto in una sera per premiare i migliori di una stagione andata con i voti di una giuria popolare e di una giuria di esperti. Il\u00a0<strong>Gal\u00e0 del triathlon<\/strong>\u00a0 \u00e8 una sfida nata molti anni fa quasi per caso, quando ancora non si chiamava cos\u00ec e quando sul web\u00a0<strong>\u00a0Nardone<\/strong>\u00a0aveva chiesto ai suoi lettori di indicare i migliori atleti della stagione appena conclusa. Quasi un gioco. Un\u2019idea nata dalla voglia di mettere insieme un mondo e uno sport che stavano decollando chiamando a raccolta atleti, appassionati ed addetti ai lavori. Negli anni \u00e8 cresciuto ed \u00e8\u00a0 diventato un appuntamento fisso, un momento per fare il bilancio di una stagione. Molti volti noti sono passati dal Gal\u00e0: dalle medaglie olimpiche <strong>Igor Cassina<\/strong> e <strong>Antonio Rossi<\/strong>, oggi assessore lombardo allo sport e quindi &#8220;padrone di casa&#8221;, al presidente del Comitato italiano paralimpico <strong>Luca Pancalli<\/strong> a <strong>Linus<\/strong>. Quest&#8217;anno l&#8217;ospite d&#8217;onore sar\u00e0 <strong>Alex Zanardi<\/strong>: &#8220;Sar\u00f2 al Gal\u00e0 del triathlon per due motivi- spiega in un video- Perch\u00e8 anche se ho scoperto questo sport relativamente tardi credo sia una sfida fantastica , una avventura in tre discipline nelle quali si lotta soprattutto contro se stessi provando a giocarsela al meglio. E poi per presentare <strong>Obiettivo 3<\/strong> che \u00e8 un progetto che servir\u00e0 ad avviare i disabili allo sport e punta ad individuare almeno tre atleti che possano qualificarsi ai giochi paralimpici di Tokyo 2020&#8243;.<\/div>\n","protected":false},"excerpt":{"rendered":"<p><p>Ormai \u00e8 una tradizione milanese quella del Gran Gal\u00e0 dei triatleti. E Milano diventa la vetrina perfetta della multidisciplina azzurra. Venerd\u00ec\u00a0 9 febbraio si torner\u00e0 nella sede della Regione Lombardia sul palcoscenico dell\u2019Auditorium Testori dove,\u00a0 per una sera,\u00a0 scarpe da corsa e body da gara lasceranno spazio a tacchi e abiti lunghi per una passerella che porter\u00e0 sul palco gli atleti pi\u00f9 forti di uno sport che fa per tre. Tutto raccontato in uno show per scoprire chi, nella stagione scorsa, \u00e8 stato il migliore, il pi\u00f9 forte o solo il pi\u00f9 fortunato. Una kermesse che\u00a0Dario Nardone\u00a0, atleta e direttore [&hellip;]<\/p>\n&nbsp;&nbsp;<div class=\"readmore\"><a href=\"https:\/\/blog.ilgiornale.it\/ruzzo\/2018\/01\/14\/gala-del-triathlon-lobiettivo-di-zanardi\/\">Continua a leggere...<\/a><\/div><\/p>","protected":false},"author":956,"featured_media":0,"comment_status":"open","ping_status":"closed","sticky":false,"template":"","format":"standard","meta":[],"categories":[1],"tags":[],"_links":{"self":[{"href":"https:\/\/blog.ilgiornale.it\/ruzzo\/wp-json\/wp\/v2\/posts\/23527"}],"collection":[{"href":"https:\/\/blog.ilgiornale.it\/ruzzo\/wp-json\/wp\/v2\/posts"}],"about":[{"href":"https:\/\/blog.ilgiornale.it\/ruzzo\/wp-json\/wp\/v2\/types\/post"}],"author":[{"embeddable":true,"href":"https:\/\/blog.ilgiornale.it\/ruzzo\/wp-json\/wp\/v2\/users\/956"}],"replies":[{"embeddable":true,"href":"https:\/\/blog.ilgiornale.it\/ruzzo\/wp-json\/wp\/v2\/comments?post=23527"}],"version-history":[{"count":1,"href":"https:\/\/blog.ilgiornale.it\/ruzzo\/wp-json\/wp\/v2\/posts\/23527\/revisions"}],"predecessor-version":[{"id":23529,"href":"https:\/\/blog.ilgiornale.it\/ruzzo\/wp-json\/wp\/v2\/posts\/23527\/revisions\/23529"}],"wp:attachment":[{"href":"https:\/\/blog.ilgiornale.it\/ruzzo\/wp-json\/wp\/v2\/media?parent=23527"}],"wp:term":[{"taxonomy":"category","embeddable":true,"href":"https:\/\/blog.ilgiornale.it\/ruzzo\/wp-json\/wp\/v2\/categories?post=23527"},{"taxonomy":"post_tag","embeddable":true,"href":"https:\/\/blog.ilgiornale.it\/ruzzo\/wp-json\/wp\/v2\/tags?post=23527"}],"curies":[{"name":"wp","href":"https:\/\/api.w.org\/{rel}","templated":true}]}}