{"id":23530,"date":"2018-01-15T16:24:14","date_gmt":"2018-01-15T15:24:14","guid":{"rendered":"https:\/\/blog.ilgiornale.it\/ruzzo\/?p=23530"},"modified":"2018-01-15T16:24:14","modified_gmt":"2018-01-15T15:24:14","slug":"triathlon-il-talento-e-verdenero","status":"publish","type":"post","link":"https:\/\/blog.ilgiornale.it\/ruzzo\/2018\/01\/15\/triathlon-il-talento-e-verdenero\/","title":{"rendered":"Triathlon, il talento \u00e8 verdenero"},"content":{"rendered":"<p><a href=\"https:\/\/blog.ilgiornale.it\/ruzzo\/files\/2018\/01\/ras.jpg\"><img loading=\"lazy\" class=\"alignleft size-medium wp-image-23532\" src=\"https:\/\/blog.ilgiornale.it\/ruzzo\/files\/2018\/01\/ras-300x230.jpg\" alt=\"ras\" width=\"300\" height=\"230\" srcset=\"https:\/\/blog.ilgiornale.it\/ruzzo\/files\/2018\/01\/ras-300x230.jpg 300w, https:\/\/blog.ilgiornale.it\/ruzzo\/files\/2018\/01\/ras.jpg 770w\" sizes=\"(max-width: 300px) 100vw, 300px\" \/><\/a>L&#8217;idea \u00e8 quella di mettere insieme il talento. O meglio i talenti, perch\u00e8 sono pi\u00f9 di uno. Il progetto presentato pochi giorni fa nelle sale del Polo Tecnologico di Pavia , ha preso forma \u00a0sotto i colori verdi e neri del <strong>Raschiani Triathlon<\/strong> che si prepara ad affrontare la nuova stagione rinforzando i ranghi con una\u00a0rinnovata &#8220;Base Under 23&#8221; che si unisce alla squadra elite , agli age group e ai piccoli delle &#8220;Kids Academy&#8221;. \u00a0<strong>&#8220;Area talento&#8221;<\/strong> \u00e8 anche un po&#8217; una sfida. Radunare sotto gli stessi colori\u00a0ben 13 atleti Under23 ( 5 ragazze e 8 ragazzi ) tra i pi\u00f9 forti del panorama, nazionale e alcuni di loro gi\u00e0 azzurri, provenienti da 6 differenti societ\u00e0. \u00a0\u201cLa nostra mission \u00e8 da \u00a0sempre la promozione sportiva- spiega il presidente <strong>Andrea Libanore<\/strong>&#8211; \u00a0Con questo progetto puntiamo a completare i nostri organici con 13 talentuosi atleti che ci consentiranno di fare sempre meglio e non poteva essere questo il momento migliore \u00a0per festeggiare alla grande i nostri primi dieci anni di vita. Dieci anni di crescita, di progetti come \u201cle Kids Academy\u201d con cui insegniamo ai pi\u00f9 piccoli il gioco del Triathlon, o il progetto \u201cGuna Girl&#8221; con cui abbiamo tesserato gratuitamente per tre anni oltre 40 donne che dovevano rispettare due parametri, il non avere mai fatto sport, o semplicemente non aver mai fatto n\u00e8 duathlon n\u00e8 triathlon&#8221;. \u00a0Tredici nuovi under 23 che rispondono ai nomi di <strong>Carlotta e Michele Bonacina, Giorgia e Leonardo Cant\u00f9, Tommaso Caprotti, Fabiola D\u2019Antino, Christian Davide, Davide e Flavio Ingrilli, Giorgia Palieri, Thomas Previtali, Riccardo Saletta e Bianca Seregni.<\/strong>\u00a0Nuove forze che si innestano in un gruppo gi\u00e0 solido e dalla filosofia sportiva ben chiara: &#8221; Riuniti ed uniti in una squadra che \u00e8 \u00a0da sempre un gruppo dove passione e amicizia fanno la differenza e dove si sentiranno a casa- spiega <strong>Libanore<\/strong>&#8211; Uniti in un gruppo \u00a0che permetter\u00e0 loro di poter lavorare insieme in seriet\u00e0 e serenit\u00e0, con la giusta responsabilizzazion-. Uniti per amicizia, \u00a0per crescere e stimolarsi vicendevolmente, seguendo i programmi Federali, i programmi societari e dei loro tecnici&#8221;.<\/p>\n","protected":false},"excerpt":{"rendered":"<p><p>L&#8217;idea \u00e8 quella di mettere insieme il talento. O meglio i talenti, perch\u00e8 sono pi\u00f9 di uno. Il progetto presentato pochi giorni fa nelle sale del Polo Tecnologico di Pavia , ha preso forma \u00a0sotto i colori verdi e neri del Raschiani Triathlon che si prepara ad affrontare la nuova stagione rinforzando i ranghi con una\u00a0rinnovata &#8220;Base Under 23&#8221; che si unisce alla squadra elite , agli age group e ai piccoli delle &#8220;Kids Academy&#8221;. \u00a0&#8220;Area talento&#8221; \u00e8 anche un po&#8217; una sfida. Radunare sotto gli stessi colori\u00a0ben 13 atleti Under23 ( 5 ragazze e 8 ragazzi ) tra i [&hellip;]<\/p>\n&nbsp;&nbsp;<div class=\"readmore\"><a href=\"https:\/\/blog.ilgiornale.it\/ruzzo\/2018\/01\/15\/triathlon-il-talento-e-verdenero\/\">Continua a leggere...<\/a><\/div><\/p>","protected":false},"author":956,"featured_media":0,"comment_status":"open","ping_status":"closed","sticky":false,"template":"","format":"standard","meta":[],"categories":[1],"tags":[],"_links":{"self":[{"href":"https:\/\/blog.ilgiornale.it\/ruzzo\/wp-json\/wp\/v2\/posts\/23530"}],"collection":[{"href":"https:\/\/blog.ilgiornale.it\/ruzzo\/wp-json\/wp\/v2\/posts"}],"about":[{"href":"https:\/\/blog.ilgiornale.it\/ruzzo\/wp-json\/wp\/v2\/types\/post"}],"author":[{"embeddable":true,"href":"https:\/\/blog.ilgiornale.it\/ruzzo\/wp-json\/wp\/v2\/users\/956"}],"replies":[{"embeddable":true,"href":"https:\/\/blog.ilgiornale.it\/ruzzo\/wp-json\/wp\/v2\/comments?post=23530"}],"version-history":[{"count":2,"href":"https:\/\/blog.ilgiornale.it\/ruzzo\/wp-json\/wp\/v2\/posts\/23530\/revisions"}],"predecessor-version":[{"id":23533,"href":"https:\/\/blog.ilgiornale.it\/ruzzo\/wp-json\/wp\/v2\/posts\/23530\/revisions\/23533"}],"wp:attachment":[{"href":"https:\/\/blog.ilgiornale.it\/ruzzo\/wp-json\/wp\/v2\/media?parent=23530"}],"wp:term":[{"taxonomy":"category","embeddable":true,"href":"https:\/\/blog.ilgiornale.it\/ruzzo\/wp-json\/wp\/v2\/categories?post=23530"},{"taxonomy":"post_tag","embeddable":true,"href":"https:\/\/blog.ilgiornale.it\/ruzzo\/wp-json\/wp\/v2\/tags?post=23530"}],"curies":[{"name":"wp","href":"https:\/\/api.w.org\/{rel}","templated":true}]}}