{"id":23545,"date":"2018-01-18T18:23:56","date_gmt":"2018-01-18T17:23:56","guid":{"rendered":"https:\/\/blog.ilgiornale.it\/ruzzo\/?p=23545"},"modified":"2018-01-18T18:23:56","modified_gmt":"2018-01-18T17:23:56","slug":"miguel-quando-correre-e-poesia","status":"publish","type":"post","link":"https:\/\/blog.ilgiornale.it\/ruzzo\/2018\/01\/18\/miguel-quando-correre-e-poesia\/","title":{"rendered":"Miguel, quando correre \u00e8 poesia"},"content":{"rendered":"<p><a href=\"https:\/\/blog.ilgiornale.it\/ruzzo\/files\/2018\/01\/Corsamiguel.jpg\"><img loading=\"lazy\" class=\"alignleft size-medium wp-image-23548\" src=\"https:\/\/blog.ilgiornale.it\/ruzzo\/files\/2018\/01\/Corsamiguel-300x194.jpg\" alt=\"Corsamiguel\" width=\"300\" height=\"194\" srcset=\"https:\/\/blog.ilgiornale.it\/ruzzo\/files\/2018\/01\/Corsamiguel-300x194.jpg 300w, https:\/\/blog.ilgiornale.it\/ruzzo\/files\/2018\/01\/Corsamiguel.jpg 742w\" sizes=\"(max-width: 300px) 100vw, 300px\" \/><\/a>&#8220;Per voi atleti per voi che sapete di freddo, di calore, di trionfi e sconfitte. Per voi che avete il corpo sano l\u2019anima ampia e il cuore grande. Per voi che avete molti amici molte aspirazioni l\u2019allegria matura e il sorriso dei bambini. Per voi che non sapete di gelo n\u00e9 di sole di pioggia n\u00e9 rancore. Per voi, atleti che percorrete i villaggi e le citt\u00e0 unendo Stati con il vostro camminare Per voi, atleti che disprezzate la guerra e anelate la pace&#8230;&#8221; . Scriveva cos\u00ec <strong>Miguel Sanchez<\/strong> atleta, ma soprattutto poeta argentino mai stato tenero contro il regime dei militari del suo Paese. Era un uomo\u00a0 rtutto di un pezzo, uno di quelli del Nord, di Bella Vista nella provincia di Tucuman dove molti vivono coltivando la canna da zucchero. E nella notte tra l\u20198 e il 9 gennaio del 1978 qualcuno fece irruzione a Villa Espana, la casa alla periferia di Buenos Aires dove si era trasferito e dove abitava con i suoi fratelli e le sorelle. Trovarono la bandiera biancoceleste attaccata a una parete e gli chiesero conto. \u00abPerch\u00e8 sono argentino\u00bb rispose . Cos\u00ec gli bendarono gli occhi, lo infilarono su un Falcon Ford di colore nero e di lui non si seppe pi\u00f9 nulla. <em>Desaparecido<\/em> negli anni della feroce dittatura militare. Lavorava al Banco di Provincia e si allenava all\u2019alba e poi al termine della giornata di lavoro. Era un poeta autodidatta. Per ricordare questa storia ma anche tante storie come questa \u00e8 nata la Corsa di Miguel. Sono diversi anni ormai che si corre in Italia ma anche in altre parti del mondo. Una giornata di sport e di solidariet\u00e0 con tante persone e tante associazioni che si danno da fare. Domenica, organizzata dal Club Atletico Centrale con la collaborazione dell\u2019Unione Italiana Sport per Tutti, si corre a Roma l\u2019edizione numero 19, che propone come sempre due percorsi, uno sui 10 km in versione competitiva e\u00a0 non competitiva e uno sui 3 chilometri, una passeggiata antirazzismo aperta a tutti\u00a0<a href=\"https:\/\/www.lacorsadimiguel.it\/\">https:\/\/www.lacorsadimiguel.it\/<\/a><\/p>\n","protected":false},"excerpt":{"rendered":"<p><p>&#8220;Per voi atleti per voi che sapete di freddo, di calore, di trionfi e sconfitte. Per voi che avete il corpo sano l\u2019anima ampia e il cuore grande. Per voi che avete molti amici molte aspirazioni l\u2019allegria matura e il sorriso dei bambini. Per voi che non sapete di gelo n\u00e9 di sole di pioggia n\u00e9 rancore. Per voi, atleti che percorrete i villaggi e le citt\u00e0 unendo Stati con il vostro camminare Per voi, atleti che disprezzate la guerra e anelate la pace&#8230;&#8221; . Scriveva cos\u00ec Miguel Sanchez atleta, ma soprattutto poeta argentino mai stato tenero contro il regime [&hellip;]<\/p>\n&nbsp;&nbsp;<div class=\"readmore\"><a href=\"https:\/\/blog.ilgiornale.it\/ruzzo\/2018\/01\/18\/miguel-quando-correre-e-poesia\/\">Continua a leggere...<\/a><\/div><\/p>","protected":false},"author":956,"featured_media":0,"comment_status":"open","ping_status":"closed","sticky":false,"template":"","format":"standard","meta":[],"categories":[1],"tags":[],"_links":{"self":[{"href":"https:\/\/blog.ilgiornale.it\/ruzzo\/wp-json\/wp\/v2\/posts\/23545"}],"collection":[{"href":"https:\/\/blog.ilgiornale.it\/ruzzo\/wp-json\/wp\/v2\/posts"}],"about":[{"href":"https:\/\/blog.ilgiornale.it\/ruzzo\/wp-json\/wp\/v2\/types\/post"}],"author":[{"embeddable":true,"href":"https:\/\/blog.ilgiornale.it\/ruzzo\/wp-json\/wp\/v2\/users\/956"}],"replies":[{"embeddable":true,"href":"https:\/\/blog.ilgiornale.it\/ruzzo\/wp-json\/wp\/v2\/comments?post=23545"}],"version-history":[{"count":3,"href":"https:\/\/blog.ilgiornale.it\/ruzzo\/wp-json\/wp\/v2\/posts\/23545\/revisions"}],"predecessor-version":[{"id":23549,"href":"https:\/\/blog.ilgiornale.it\/ruzzo\/wp-json\/wp\/v2\/posts\/23545\/revisions\/23549"}],"wp:attachment":[{"href":"https:\/\/blog.ilgiornale.it\/ruzzo\/wp-json\/wp\/v2\/media?parent=23545"}],"wp:term":[{"taxonomy":"category","embeddable":true,"href":"https:\/\/blog.ilgiornale.it\/ruzzo\/wp-json\/wp\/v2\/categories?post=23545"},{"taxonomy":"post_tag","embeddable":true,"href":"https:\/\/blog.ilgiornale.it\/ruzzo\/wp-json\/wp\/v2\/tags?post=23545"}],"curies":[{"name":"wp","href":"https:\/\/api.w.org\/{rel}","templated":true}]}}