{"id":23599,"date":"2018-01-27T16:54:05","date_gmt":"2018-01-27T15:54:05","guid":{"rendered":"https:\/\/blog.ilgiornale.it\/ruzzo\/?p=23599"},"modified":"2018-01-27T16:54:05","modified_gmt":"2018-01-27T15:54:05","slug":"renzi-silura-gandolfi-padre-della-ciclabilita","status":"publish","type":"post","link":"https:\/\/blog.ilgiornale.it\/ruzzo\/2018\/01\/27\/renzi-silura-gandolfi-padre-della-ciclabilita\/","title":{"rendered":"Renzi silura Gandolfi, &#8220;padre&#8221; della ciclabilit\u00e0"},"content":{"rendered":"<p><strong><a href=\"https:\/\/blog.ilgiornale.it\/ruzzo\/files\/2018\/01\/gan.jpg\"><img loading=\"lazy\" class=\"alignleft size-medium wp-image-23600\" src=\"https:\/\/blog.ilgiornale.it\/ruzzo\/files\/2018\/01\/gan-300x224.jpg\" alt=\"gan\" width=\"300\" height=\"224\" srcset=\"https:\/\/blog.ilgiornale.it\/ruzzo\/files\/2018\/01\/gan-300x224.jpg 300w, https:\/\/blog.ilgiornale.it\/ruzzo\/files\/2018\/01\/gan.jpg 900w\" sizes=\"(max-width: 300px) 100vw, 300px\" \/><\/a>Paolo Gandolfi,<\/strong> il parlamentare urbanista, relatore della recente Legge sulla mobilit\u00e0 ciclistica, \u00e8 stato escluso dalle liste\u00a0elettorali del Pd. &#8220;E te pareva&#8230;&#8221; direbbero a Roma. &#8220;Te pareva&#8230;&#8221; perch\u00e8 questo \u00e8 un Paese che gira al contrario e che evidentemente non ha tutta questa voglia di invertire la rotta. Un Paese dove i traffici purtroppo restano quelli di Palazzo dove i vecchi arnesi restano al loro posto, dove si finge di cambiare tutto per non cambiar nulla e dove non sempre ( anzi quasi mai) conta quanto si fa e quanto bene si fa.\u00a0Nella sua prima esperienza da parlamentare\u00a0<strong>Paolo Gandolfi<\/strong>\u00a0ha portato a casa un grande risultato, la Legge quadro sulla mobilit\u00e0 ciclistica approvata appena un mese fa. Una vera e propria rivoluzione visto che\u00a0 \u00e8 di fatto il primo passo verso il cambiamento\u00a0 culturale nella mobilit\u00e0 delle grandi citt\u00e0 e non solo delle grandi citt\u00e0. Un lavoro cominciato ma da portare a termine perch\u00e8, al di l\u00e0 di norme, regole, stanziamenti e progetti che pur sempre restano fondamentali ci\u00f2 che cambia \u00e8 \u00a0l\u2019approccio che pone da oggi, pi\u00f9 o meno sullo stesso piano, la mobilit\u00e0 dolce a quella stradale, autostradale e ferroviaria. Un risultato che il parlamentare ( l&#8217;ex parlamentare) del Pd, architetto e urbanista, classe 1966, di Reggio Emilia dove \u00e8 stato assessore con <strong>Graziano Delrio<\/strong> sindaco,\u00a0 ha cercato e voluto con tenacia ha costruito con un lavoro paziente. L&#8217;esempio che quando c&#8217;\u00e8 la competenza porta risultati. Ma evidentemente non basta. Non basta a spiegare che la cosa pubblica non \u00e8 ad usum proprium o di un partito, che i voti e le scelte devono essere il giusto premio per quanto un parlamentare fa nel suo mandato, che le liste alla fine sono la cartina di tornasole di una buona o cattiva politica . E allora insorgono i ciclisti ma forse sarebbe il caso che insorgessero anche tutte quelli che pensano che certe logiche devono cambiare.\u00a0La <strong>Fiab,<\/strong> Federazione italiana amici della bicicletta, ha scritto una lettera a Renzi, le comunit\u00e0 locali di <strong>Salvaiciclisti<\/strong> sono in subbuglio, su Twitter \u00e8 partito l&#8217;hashtag\u00a0 #iostoconpaologandolfi e in tanti annunciano di non voler pi\u00f9 votare il partito, accusato di alto tradimento dei cittadini.\u00a0 Tempo fa <strong>Matteo Renzi<\/strong> viaggiando sul treno &#8220;Direzione Italia&#8221;\u00a0 incontr\u00f2 proprio Gandolfi e furono abbracci e baci: &#8220;Un uomo, una garanzia&#8221; disse il segretario. La solita &#8220;ammuina&#8221;.<\/p>\n","protected":false},"excerpt":{"rendered":"<p><p>Paolo Gandolfi, il parlamentare urbanista, relatore della recente Legge sulla mobilit\u00e0 ciclistica, \u00e8 stato escluso dalle liste\u00a0elettorali del Pd. &#8220;E te pareva&#8230;&#8221; direbbero a Roma. &#8220;Te pareva&#8230;&#8221; perch\u00e8 questo \u00e8 un Paese che gira al contrario e che evidentemente non ha tutta questa voglia di invertire la rotta. Un Paese dove i traffici purtroppo restano quelli di Palazzo dove i vecchi arnesi restano al loro posto, dove si finge di cambiare tutto per non cambiar nulla e dove non sempre ( anzi quasi mai) conta quanto si fa e quanto bene si fa.\u00a0Nella sua prima esperienza da parlamentare\u00a0Paolo Gandolfi\u00a0ha portato [&hellip;]<\/p>\n&nbsp;&nbsp;<div class=\"readmore\"><a href=\"https:\/\/blog.ilgiornale.it\/ruzzo\/2018\/01\/27\/renzi-silura-gandolfi-padre-della-ciclabilita\/\">Continua a leggere...<\/a><\/div><\/p>","protected":false},"author":956,"featured_media":0,"comment_status":"open","ping_status":"closed","sticky":false,"template":"","format":"standard","meta":[],"categories":[1],"tags":[],"_links":{"self":[{"href":"https:\/\/blog.ilgiornale.it\/ruzzo\/wp-json\/wp\/v2\/posts\/23599"}],"collection":[{"href":"https:\/\/blog.ilgiornale.it\/ruzzo\/wp-json\/wp\/v2\/posts"}],"about":[{"href":"https:\/\/blog.ilgiornale.it\/ruzzo\/wp-json\/wp\/v2\/types\/post"}],"author":[{"embeddable":true,"href":"https:\/\/blog.ilgiornale.it\/ruzzo\/wp-json\/wp\/v2\/users\/956"}],"replies":[{"embeddable":true,"href":"https:\/\/blog.ilgiornale.it\/ruzzo\/wp-json\/wp\/v2\/comments?post=23599"}],"version-history":[{"count":1,"href":"https:\/\/blog.ilgiornale.it\/ruzzo\/wp-json\/wp\/v2\/posts\/23599\/revisions"}],"predecessor-version":[{"id":23601,"href":"https:\/\/blog.ilgiornale.it\/ruzzo\/wp-json\/wp\/v2\/posts\/23599\/revisions\/23601"}],"wp:attachment":[{"href":"https:\/\/blog.ilgiornale.it\/ruzzo\/wp-json\/wp\/v2\/media?parent=23599"}],"wp:term":[{"taxonomy":"category","embeddable":true,"href":"https:\/\/blog.ilgiornale.it\/ruzzo\/wp-json\/wp\/v2\/categories?post=23599"},{"taxonomy":"post_tag","embeddable":true,"href":"https:\/\/blog.ilgiornale.it\/ruzzo\/wp-json\/wp\/v2\/tags?post=23599"}],"curies":[{"name":"wp","href":"https:\/\/api.w.org\/{rel}","templated":true}]}}