{"id":23609,"date":"2018-01-29T09:48:42","date_gmt":"2018-01-29T08:48:42","guid":{"rendered":"https:\/\/blog.ilgiornale.it\/ruzzo\/?p=23609"},"modified":"2018-01-29T09:48:42","modified_gmt":"2018-01-29T08:48:42","slug":"nanga-la-tragedia-e-il-miracolo","status":"publish","type":"post","link":"https:\/\/blog.ilgiornale.it\/ruzzo\/2018\/01\/29\/nanga-la-tragedia-e-il-miracolo\/","title":{"rendered":"Nanga, la tragedia e il miracolo"},"content":{"rendered":"<p><a href=\"https:\/\/blog.ilgiornale.it\/ruzzo\/files\/2018\/01\/nanga.jpg\"><img loading=\"lazy\" class=\"alignright size-medium wp-image-23610\" src=\"https:\/\/blog.ilgiornale.it\/ruzzo\/files\/2018\/01\/nanga-300x270.jpg\" alt=\"nanga\" width=\"300\" height=\"270\" srcset=\"https:\/\/blog.ilgiornale.it\/ruzzo\/files\/2018\/01\/nanga-300x270.jpg 300w, https:\/\/blog.ilgiornale.it\/ruzzo\/files\/2018\/01\/nanga.jpg 416w\" sizes=\"(max-width: 300px) 100vw, 300px\" \/><\/a>L a gioia e lo strazio. La gioia di aver salvato una vita, lo strazio di avere lasciato sugli 8mila metri del Nanga Parbat in Pakistan, un alpinista, un amico, un marito e un padre che non torner\u00e0. Impossibile che se la cavi da solo, impossibile andare a prenderlo. Per gli elicotteri dei militari dell&#8217;esercito pakistano che fin lass\u00f9 non sono riusciti ad arrivare perch\u00e8 in inverno il tempo non permette neppure di avvicinarsi, per il gruppo di soccorso che con il cuore sarebbe andato avanti ma che la testa ha obbligato a tornare indietro per non aggiungere tragedia a tragedia.<\/p>\n<p><strong>E&#8217; finita cos\u00ec.<\/strong> Non ci sar\u00e0 alcun tentativo di soccorso per il polacco di 46 anni Tomek Mackiewicz. E&#8217; rimasto tra i ghiacci a 7200 metri, all&#8217;ultimo campo base, dove era riuscito a portarlo la compagna di cordata Elisabeth Revol, 37 anni francese, in una discesa disperata dalla vetta dopo che per i due si era messa male. Malissimo. Per Mackiewicz quasi cieco dopo aver perso in un incidente gli occhiali che lo proteggevano dai riflessi della luce e con un principio di congelamento, per Elisabet semicongelata pure lei ma con la forza di tornare indietro, di lasciare in una tenda il suo compagno di cordata per provare a scendere ancora a chiedere aiuto.<\/p>\n<p><strong>Giorni passati all&#8217;addiaccio,<\/strong> di contatti, di sos, di messaggi che hanno permesso al gruppo di soccorso coordinato dalla moglie di Mackiewicz di mantenere accesa la speranza con una delle pi\u00f9 incredibili operazioni di soccorso della storia dell&#8217;alpinismo. Denis Urubko, Adam Bielecki, Piotr Tomala e Jaroslaw Botor sono i quattro scalatori polacchi che si sono offerti volontariamente per andare fin lass\u00f9. Erano impegnati nella salita invernale del K2, che si trova pi\u00f9 a Nord, e non ci hanno pensato due volte a salire su due elicotteri che li hanno portati ai piedi del Nanga Parbat. E sono partiti. Sfidando temperature di 40 gradi sotto zero, sfidando il buio, una via non attrezzata dove hanno dovuto piantare ganci e corde, sfidando pericolose pareti ghiacciate dove sono saliti a tempo di record rischiando ovviamente a loro volta la vita. Una trentina di ore per arrivare ad incontrare Elisabeth Revol, per darle qualcosa da bere e da mangiare, qualche medicinale e caricarla su un elicottero che l&#8217;ha portata in un ospedale di Islamabad. Trenta ore per scalare un gigante che ha fatto tante vittime, che tutti chiamano \u00abla montagna della morte\u00bb e che si \u00e8 tenuta per sempre il loro amico Tomek.<\/p>\n<p><strong>Mackiewicz, che lascia la moglie e tre figli,<\/strong> inizi\u00f2 ad arrampicare in India e nel 2008 conquist\u00f2 il monte Logan, la montagna pi\u00f9 alta del Canada e la seconda cima pi\u00f9 elevata del Nord America. L&#8217;anno dopo era riuscito a salire da solo sul Khan Tengri, la montagna pi\u00f9 alta del Kazakistan. Ma il Nanga Parbat era la sua sfida, il suo cruccio, l&#8217;ossessione di una vita. Aveva cercato di salire in vetta per sei volte ed era stato sempre stato respinto. Ora l&#8217;ha conquistato per sempre. \u00abHo un sogno adesso &#8211; scrive sul suo profilo Facebook Daniele Nardi, uno degli alpinisti italiani che hanno lavorato nel gruppo di soccorso &#8211; che si abbia il ricordo di Tomek come uno dei pi\u00f9 grandi alpinisti ma esistiti.<\/p>\n<p>Ha salito in stile alpino, con le proprie forze una via indicata da Heisendle e Messner e completata da Tomek ed Elisabeth. Mi piace pensare che quella linea me lo ricorder\u00e0 per la simpatia, per la forza e la semplicit\u00e0 che trasmetteva dopo un minuto che ci parlavi. Il sogno di Tomek \u00e8 anche per i suoi figli che cresceranno con l&#8217; idea di aver avuto un padre che ha saputo realizzarlo&#8230;\u00bb.<\/p>\n","protected":false},"excerpt":{"rendered":"<p><p>L a gioia e lo strazio. La gioia di aver salvato una vita, lo strazio di avere lasciato sugli 8mila metri del Nanga Parbat in Pakistan, un alpinista, un amico, un marito e un padre che non torner\u00e0. Impossibile che se la cavi da solo, impossibile andare a prenderlo. Per gli elicotteri dei militari dell&#8217;esercito pakistano che fin lass\u00f9 non sono riusciti ad arrivare perch\u00e8 in inverno il tempo non permette neppure di avvicinarsi, per il gruppo di soccorso che con il cuore sarebbe andato avanti ma che la testa ha obbligato a tornare indietro per non aggiungere tragedia a [&hellip;]<\/p>\n&nbsp;&nbsp;<div class=\"readmore\"><a href=\"https:\/\/blog.ilgiornale.it\/ruzzo\/2018\/01\/29\/nanga-la-tragedia-e-il-miracolo\/\">Continua a leggere...<\/a><\/div><\/p>","protected":false},"author":956,"featured_media":0,"comment_status":"open","ping_status":"closed","sticky":false,"template":"","format":"standard","meta":[],"categories":[1],"tags":[],"_links":{"self":[{"href":"https:\/\/blog.ilgiornale.it\/ruzzo\/wp-json\/wp\/v2\/posts\/23609"}],"collection":[{"href":"https:\/\/blog.ilgiornale.it\/ruzzo\/wp-json\/wp\/v2\/posts"}],"about":[{"href":"https:\/\/blog.ilgiornale.it\/ruzzo\/wp-json\/wp\/v2\/types\/post"}],"author":[{"embeddable":true,"href":"https:\/\/blog.ilgiornale.it\/ruzzo\/wp-json\/wp\/v2\/users\/956"}],"replies":[{"embeddable":true,"href":"https:\/\/blog.ilgiornale.it\/ruzzo\/wp-json\/wp\/v2\/comments?post=23609"}],"version-history":[{"count":1,"href":"https:\/\/blog.ilgiornale.it\/ruzzo\/wp-json\/wp\/v2\/posts\/23609\/revisions"}],"predecessor-version":[{"id":23611,"href":"https:\/\/blog.ilgiornale.it\/ruzzo\/wp-json\/wp\/v2\/posts\/23609\/revisions\/23611"}],"wp:attachment":[{"href":"https:\/\/blog.ilgiornale.it\/ruzzo\/wp-json\/wp\/v2\/media?parent=23609"}],"wp:term":[{"taxonomy":"category","embeddable":true,"href":"https:\/\/blog.ilgiornale.it\/ruzzo\/wp-json\/wp\/v2\/categories?post=23609"},{"taxonomy":"post_tag","embeddable":true,"href":"https:\/\/blog.ilgiornale.it\/ruzzo\/wp-json\/wp\/v2\/tags?post=23609"}],"curies":[{"name":"wp","href":"https:\/\/api.w.org\/{rel}","templated":true}]}}