{"id":23718,"date":"2018-02-16T18:17:46","date_gmt":"2018-02-16T17:17:46","guid":{"rendered":"https:\/\/blog.ilgiornale.it\/ruzzo\/?p=23718"},"modified":"2018-02-16T18:17:46","modified_gmt":"2018-02-16T17:17:46","slug":"se-non-fa-caldo-che-bici-e","status":"publish","type":"post","link":"https:\/\/blog.ilgiornale.it\/ruzzo\/2018\/02\/16\/se-non-fa-caldo-che-bici-e\/","title":{"rendered":"Se non fa caldo che bici \u00e8?"},"content":{"rendered":"<p><a href=\"https:\/\/blog.ilgiornale.it\/ruzzo\/files\/2018\/02\/ciclismo-e-bere-21.jpg\"><img loading=\"lazy\" class=\"alignright size-medium wp-image-23719\" src=\"https:\/\/blog.ilgiornale.it\/ruzzo\/files\/2018\/02\/ciclismo-e-bere-21-300x199.jpg\" alt=\"ciclismo-e-bere-21\" width=\"300\" height=\"199\" srcset=\"https:\/\/blog.ilgiornale.it\/ruzzo\/files\/2018\/02\/ciclismo-e-bere-21-300x199.jpg 300w, https:\/\/blog.ilgiornale.it\/ruzzo\/files\/2018\/02\/ciclismo-e-bere-21.jpg 601w\" sizes=\"(max-width: 300px) 100vw, 300px\" \/><\/a>Domenica mattina a Milano c&#8217;\u00e8 una bella <em>randonn\u00e9e<\/em>. Ma il meteo d\u00e0 freddo e pioggia. E viene da chiedersi cos\u2019altro potrebbe dare visto che siamo in inverno e , di solito, in inverno va cos\u00ec. E magari ghiaccia anche come stamattina nei campi e sulle strade appena dopo le tangenziali . Per i fissati il vero dramma\u00a0\u00e8 non poter pedalare. Non \u00e8 che non si possa. Molti pedalano lo stesso anche d\u2019inverno, si coprono e vanno. Eroi senza macchia e senza paura. Passamontagna, copriscarpe, maglie termiche, \u00a0creme riscaldanti su piedi e mani, guanti da sci, imbottiti e mascherati, una via di mezzo tra l\u2019omino che una volta faceva la pubblicit\u00e0 per la Michelin e la Banda Bassotti. Non mollano mai, non si arrendono alla pioggia ghiacciata, alla neve, alla nebbia. Guai a parlar di rulli: \u201d I rulli? I rulli non esistono\u201d. Pedalare sempre, in qualsiasi condizione e nonostante tutto per far girare le gambe e tenere allenata la volont\u00e0. E fanno invidia. Perch\u00e8 uno ce la mette tutta a trovare il bello di un\u2019uscita in bici nelle nebbie della pianura padana, a gennaio, con il freddo e le macchine che ti sfrecciano accanto. Il bello non c\u2019\u00e8. Il bello della bici \u00e8 l\u2019estate. Sono i 35 gradi di luglio quando Nibali e compagnia scalano i Pirenei e tu ti alleni pensando di fare la stessa cosa sullo strappetto vicino a \u00a0a casa tua. L\u2019aria calda in faccia, l\u2019acqua in testa, la borraccia con il ghiaccio che si scioglie gi\u00e0 dopo i primi 500 metri. Ed \u00e8 come se avessi la maglia gialla. \u00a0La bici sono i chilometri con il caldo che ti cuoce il cervello quando il mondo viaggia con l\u2019aria condizionata a palla. Sono i segni dell\u2019abbronzatura da muratore che quando vai in spiaggia tua moglie fa finta di non conoscerti. \u00a0E\u2019 il bruciore del sudore negli occhi. La bici sono un body smanicato e una zip tutta aperta. \u00a0Dura poco, ma \u00e8 un\u2019emozione intensa. E quando, all\u2019improvviso, in una discesa senti il bisogno coprirti con un giornale o con una mantellina \u00e8 gi\u00e0 tutto finito. Domenica mattina a Milano c&#8217;\u00e8 una bella <em>randonn\u00e9e.<\/em>..Vedremo<\/p>\n","protected":false},"excerpt":{"rendered":"<p><p>Domenica mattina a Milano c&#8217;\u00e8 una bella randonn\u00e9e. Ma il meteo d\u00e0 freddo e pioggia. E viene da chiedersi cos\u2019altro potrebbe dare visto che siamo in inverno e , di solito, in inverno va cos\u00ec. E magari ghiaccia anche come stamattina nei campi e sulle strade appena dopo le tangenziali . Per i fissati il vero dramma\u00a0\u00e8 non poter pedalare. Non \u00e8 che non si possa. Molti pedalano lo stesso anche d\u2019inverno, si coprono e vanno. Eroi senza macchia e senza paura. Passamontagna, copriscarpe, maglie termiche, \u00a0creme riscaldanti su piedi e mani, guanti da sci, imbottiti e mascherati, una via [&hellip;]<\/p>\n&nbsp;&nbsp;<div class=\"readmore\"><a href=\"https:\/\/blog.ilgiornale.it\/ruzzo\/2018\/02\/16\/se-non-fa-caldo-che-bici-e\/\">Continua a leggere...<\/a><\/div><\/p>","protected":false},"author":956,"featured_media":0,"comment_status":"open","ping_status":"closed","sticky":false,"template":"","format":"standard","meta":[],"categories":[1],"tags":[],"_links":{"self":[{"href":"https:\/\/blog.ilgiornale.it\/ruzzo\/wp-json\/wp\/v2\/posts\/23718"}],"collection":[{"href":"https:\/\/blog.ilgiornale.it\/ruzzo\/wp-json\/wp\/v2\/posts"}],"about":[{"href":"https:\/\/blog.ilgiornale.it\/ruzzo\/wp-json\/wp\/v2\/types\/post"}],"author":[{"embeddable":true,"href":"https:\/\/blog.ilgiornale.it\/ruzzo\/wp-json\/wp\/v2\/users\/956"}],"replies":[{"embeddable":true,"href":"https:\/\/blog.ilgiornale.it\/ruzzo\/wp-json\/wp\/v2\/comments?post=23718"}],"version-history":[{"count":1,"href":"https:\/\/blog.ilgiornale.it\/ruzzo\/wp-json\/wp\/v2\/posts\/23718\/revisions"}],"predecessor-version":[{"id":23720,"href":"https:\/\/blog.ilgiornale.it\/ruzzo\/wp-json\/wp\/v2\/posts\/23718\/revisions\/23720"}],"wp:attachment":[{"href":"https:\/\/blog.ilgiornale.it\/ruzzo\/wp-json\/wp\/v2\/media?parent=23718"}],"wp:term":[{"taxonomy":"category","embeddable":true,"href":"https:\/\/blog.ilgiornale.it\/ruzzo\/wp-json\/wp\/v2\/categories?post=23718"},{"taxonomy":"post_tag","embeddable":true,"href":"https:\/\/blog.ilgiornale.it\/ruzzo\/wp-json\/wp\/v2\/tags?post=23718"}],"curies":[{"name":"wp","href":"https:\/\/api.w.org\/{rel}","templated":true}]}}