{"id":23726,"date":"2018-02-17T16:18:51","date_gmt":"2018-02-17T15:18:51","guid":{"rendered":"https:\/\/blog.ilgiornale.it\/ruzzo\/?p=23726"},"modified":"2018-02-17T16:55:49","modified_gmt":"2018-02-17T15:55:49","slug":"bici-il-sindaco-sala-va-fuoristrada","status":"publish","type":"post","link":"https:\/\/blog.ilgiornale.it\/ruzzo\/2018\/02\/17\/bici-il-sindaco-sala-va-fuoristrada\/","title":{"rendered":"Bici, il sindaco Sala va &#8220;fuoristrada&#8221;"},"content":{"rendered":"<p><a href=\"https:\/\/blog.ilgiornale.it\/ruzzo\/files\/2018\/02\/msbike.jpg\"><img loading=\"lazy\" class=\"alignleft size-medium wp-image-23728\" src=\"https:\/\/blog.ilgiornale.it\/ruzzo\/files\/2018\/02\/msbike-300x198.jpg\" alt=\"msbike\" width=\"300\" height=\"198\" srcset=\"https:\/\/blog.ilgiornale.it\/ruzzo\/files\/2018\/02\/msbike-300x198.jpg 300w, https:\/\/blog.ilgiornale.it\/ruzzo\/files\/2018\/02\/msbike.jpg 614w\" sizes=\"(max-width: 300px) 100vw, 300px\" \/><\/a>&#8220;\u00c8 positivo che si stia sviluppando la consegna a domicilio su due ruote. Non bisogna per\u00f2 dimenticarsi della sicurezza. Per questo ho chiesto che vengano convocati i rappresentanti delle principali societ\u00e0 del settore, per sensibilizzarli sulle maggiori criticit\u00e0\u00a0 come le luci spesso mancanti o\u00a0 la guida contromano\u00a0 e chiedere un loro attivo intervento&#8230;&#8221;. Premesso che le regole servono e che valgono per tutti, nel caos del traffico milanese mi pare proprio che oggi, parlando di biciclette, il sindaco <strong>Beppe Sala<\/strong> sbagli completamente bersaglio. Ci sar\u00e0 anche qualcuno dei ragazzi che fanno consegne in bici che va contromano, che non ha le luci e che passa su un marciapiede&#8230;Certo che c&#8217;\u00e8. Ma \u00e8 forse questo il vero problema della consegna merci la mattina nelle vie di Milano? Ma ha presente il sindaco cosa succede in centro tra le 8 e mezzogiorno? Che giungla di furgoni diventano le strade, le piazze, le viuzze, le ciclabili e i marciapiedi? Venga a dare un&#8217;occhiata. Venga a vedere dove parcheggiano i corrieri, le auto, i camion infischiandosene di tutto e di tutti. Venga\u00a0 a rendersi conto di cosa succede agli incroci, ai semafori, nelle vie commerciali dove chi fa le consegne in bici ( e non solo chi fa le consegne) rischia la pelle quasi sempre non per sua negligenza. E tanto che c&#8217;\u00e8 provi a farsi una passeggiata anche davanti alle\u00a0 materne, alle elementari alle scuole in genere. Venga a vedere che viavai &#8220;educato&#8221; di macchinoni guidati da mamme telefonanti che sfilano e si fermano dove capita e ovviamente anche dove non si pu\u00f2. Venga, venga&#8230;Poi magari parliamo anche dei bike-messenger che sono l&#8217;unica vera misura antitraffico e anti-inquinamento che oggi Milano \u00e8 riuscita seriamente ad adottare in tema di consegne. Ma non per merito del Comune&#8230;<\/p>\n","protected":false},"excerpt":{"rendered":"<p><p>&#8220;\u00c8 positivo che si stia sviluppando la consegna a domicilio su due ruote. Non bisogna per\u00f2 dimenticarsi della sicurezza. Per questo ho chiesto che vengano convocati i rappresentanti delle principali societ\u00e0 del settore, per sensibilizzarli sulle maggiori criticit\u00e0\u00a0 come le luci spesso mancanti o\u00a0 la guida contromano\u00a0 e chiedere un loro attivo intervento&#8230;&#8221;. Premesso che le regole servono e che valgono per tutti, nel caos del traffico milanese mi pare proprio che oggi, parlando di biciclette, il sindaco Beppe Sala sbagli completamente bersaglio. Ci sar\u00e0 anche qualcuno dei ragazzi che fanno consegne in bici che va contromano, che non ha [&hellip;]<\/p>\n&nbsp;&nbsp;<div class=\"readmore\"><a href=\"https:\/\/blog.ilgiornale.it\/ruzzo\/2018\/02\/17\/bici-il-sindaco-sala-va-fuoristrada\/\">Continua a leggere...<\/a><\/div><\/p>","protected":false},"author":956,"featured_media":0,"comment_status":"open","ping_status":"closed","sticky":false,"template":"","format":"standard","meta":[],"categories":[1],"tags":[],"_links":{"self":[{"href":"https:\/\/blog.ilgiornale.it\/ruzzo\/wp-json\/wp\/v2\/posts\/23726"}],"collection":[{"href":"https:\/\/blog.ilgiornale.it\/ruzzo\/wp-json\/wp\/v2\/posts"}],"about":[{"href":"https:\/\/blog.ilgiornale.it\/ruzzo\/wp-json\/wp\/v2\/types\/post"}],"author":[{"embeddable":true,"href":"https:\/\/blog.ilgiornale.it\/ruzzo\/wp-json\/wp\/v2\/users\/956"}],"replies":[{"embeddable":true,"href":"https:\/\/blog.ilgiornale.it\/ruzzo\/wp-json\/wp\/v2\/comments?post=23726"}],"version-history":[{"count":2,"href":"https:\/\/blog.ilgiornale.it\/ruzzo\/wp-json\/wp\/v2\/posts\/23726\/revisions"}],"predecessor-version":[{"id":23730,"href":"https:\/\/blog.ilgiornale.it\/ruzzo\/wp-json\/wp\/v2\/posts\/23726\/revisions\/23730"}],"wp:attachment":[{"href":"https:\/\/blog.ilgiornale.it\/ruzzo\/wp-json\/wp\/v2\/media?parent=23726"}],"wp:term":[{"taxonomy":"category","embeddable":true,"href":"https:\/\/blog.ilgiornale.it\/ruzzo\/wp-json\/wp\/v2\/categories?post=23726"},{"taxonomy":"post_tag","embeddable":true,"href":"https:\/\/blog.ilgiornale.it\/ruzzo\/wp-json\/wp\/v2\/tags?post=23726"}],"curies":[{"name":"wp","href":"https:\/\/api.w.org\/{rel}","templated":true}]}}