{"id":23731,"date":"2018-02-18T17:35:15","date_gmt":"2018-02-18T16:35:15","guid":{"rendered":"https:\/\/blog.ilgiornale.it\/ruzzo\/?p=23731"},"modified":"2018-02-18T17:35:15","modified_gmt":"2018-02-18T16:35:15","slug":"adda-in-mountainbike-sulle-tracce-di-leonardo","status":"publish","type":"post","link":"https:\/\/blog.ilgiornale.it\/ruzzo\/2018\/02\/18\/adda-in-mountainbike-sulle-tracce-di-leonardo\/","title":{"rendered":"Adda, in mountainbike sulle tracce di Leonardo"},"content":{"rendered":"<p><a href=\"https:\/\/blog.ilgiornale.it\/ruzzo\/files\/2018\/02\/adda3.jpg\"><img loading=\"lazy\" class=\"alignleft size-thumbnail wp-image-23734\" src=\"https:\/\/blog.ilgiornale.it\/ruzzo\/files\/2018\/02\/adda3-150x150.jpg\" alt=\"adda3\" width=\"150\" height=\"150\" \/><\/a><a href=\"https:\/\/blog.ilgiornale.it\/ruzzo\/files\/2018\/02\/adda2.jpg\"><img loading=\"lazy\" class=\"alignleft size-thumbnail wp-image-23735\" src=\"https:\/\/blog.ilgiornale.it\/ruzzo\/files\/2018\/02\/adda2-150x150.jpg\" alt=\"adda2\" width=\"150\" height=\"150\" \/><\/a><a href=\"https:\/\/blog.ilgiornale.it\/ruzzo\/files\/2018\/02\/adda1.jpg\"><img loading=\"lazy\" class=\"alignleft size-thumbnail wp-image-23736\" src=\"https:\/\/blog.ilgiornale.it\/ruzzo\/files\/2018\/02\/adda1-150x150.jpg\" alt=\"adda1\" width=\"150\" height=\"150\" \/><\/a><\/p>\n<p>&nbsp;<\/p>\n<p>&nbsp;<\/p>\n<p>&nbsp;<\/p>\n<p>&nbsp;<\/p>\n<p>&nbsp;<\/p>\n<p>La mountainbike\u00a0 \u00e8 un po\u2019 tutto ci\u00f2 che tu decidi che sia: bici da strada, da campagna, da montagna, da mare e anfibio da spiaggette spesso irraggiungibili. Anche da fiume, seguendo le tracce, le centrali, i canali, le dighe e le invenzioni idriche di Leonardo sulle sponde dell&#8217;Adda. Un&#8217;ottantina di chilometri da\u00a0<strong>Cernusco <\/strong>seguendo la<strong> Martesana<\/strong>\u00a0 fino a\u00a0<strong>Trezzo, Cornate,<\/strong>\u00a0fino\u00a0 a\u00a0<strong>Paderno<\/strong>\u00a0 e avanti ancora tra sterrati che affiancano le sponde di fiume calmo in una domenica mattina freddissima e nebbiosa come solo quelle padane sanno essere. Quasi sempre con la mountainbike vai dove vuoi andare, dove a volte mai penseresti, dove le strade finiscono per\u00f2 poi continuano, basta cercarle.\u00a0 Sali dove la maggiorparte delle persone normali fa fatica a piedi, scendi su sentieri che vanno verso il silenzio, tagli per qualche ora i ponti con la civilt\u00e0 chiassosa e intasata. C\u2019\u00e8 un fascino strano nel seguire strade che spesso non si sa dove \u00a0vanno. \u00a0A volte ti assale un po\u2019 d\u2019ansia, anche se nello zainetto hai camere d\u2019aria, la brugola del 9, barette e telefonino\u2026 Ti allontani da un paese pedalando sullo sterrato che entra in un bosco e \u00a0man mano che vai provi a guardarti indietro. Le case si allontanano,\u00a0 non si vedono pi\u00f9 e il sentiero si fa sempre pi\u00f9 stretto e impervio, per\u00f2 si va. Un po ci si avventura e gli unici rumori sono quelli delle tue ruote che fanno scrocchiare il brecciolino e degli animali che si allontanano tra le foglie. E ti fanno sussultare. \u00a0E\u2019 un po\u2019 come nuotare. Un po\u2019 come sbracciare tenendo sott\u2019occhio la riga nera rassicurante del fondo delle piscina e invece andare da solo in mare aperto allontanandosi dalla spiaggia. Pedali lontano dall\u2019asfalto\u00a0dove c\u2019\u00e8 un mondo da andare a scoprire. \u00a0Borghi, paesini , piccole chiese,\u00a0 ristori. E cos\u00ec dopo che il freddo ti ha congelato per ore mani, piedi e un pezzettino di anima ti ritrovi alla fine di una salitella strerrata che va verso i laghi\u00a0 nel tepore rifugio dove su una cucina economica sta cuocendo una pentola di carne trita e di verze innaffiate col vino rosso. Sembra il posto pi\u00f9 bello del mondo. E forse \u00e8 davvero cos\u00ec&#8230;<\/p>\n","protected":false},"excerpt":{"rendered":"<p><p>&nbsp; &nbsp; &nbsp; &nbsp; &nbsp; La mountainbike\u00a0 \u00e8 un po\u2019 tutto ci\u00f2 che tu decidi che sia: bici da strada, da campagna, da montagna, da mare e anfibio da spiaggette spesso irraggiungibili. Anche da fiume, seguendo le tracce, le centrali, i canali, le dighe e le invenzioni idriche di Leonardo sulle sponde dell&#8217;Adda. Un&#8217;ottantina di chilometri da\u00a0Cernusco seguendo la Martesana\u00a0 fino a\u00a0Trezzo, Cornate,\u00a0fino\u00a0 a\u00a0Paderno\u00a0 e avanti ancora tra sterrati che affiancano le sponde di fiume calmo in una domenica mattina freddissima e nebbiosa come solo quelle padane sanno essere. Quasi sempre con la mountainbike vai dove vuoi andare, dove a [&hellip;]<\/p>\n&nbsp;&nbsp;<div class=\"readmore\"><a href=\"https:\/\/blog.ilgiornale.it\/ruzzo\/2018\/02\/18\/adda-in-mountainbike-sulle-tracce-di-leonardo\/\">Continua a leggere...<\/a><\/div><\/p>","protected":false},"author":956,"featured_media":0,"comment_status":"open","ping_status":"closed","sticky":false,"template":"","format":"standard","meta":[],"categories":[1],"tags":[],"_links":{"self":[{"href":"https:\/\/blog.ilgiornale.it\/ruzzo\/wp-json\/wp\/v2\/posts\/23731"}],"collection":[{"href":"https:\/\/blog.ilgiornale.it\/ruzzo\/wp-json\/wp\/v2\/posts"}],"about":[{"href":"https:\/\/blog.ilgiornale.it\/ruzzo\/wp-json\/wp\/v2\/types\/post"}],"author":[{"embeddable":true,"href":"https:\/\/blog.ilgiornale.it\/ruzzo\/wp-json\/wp\/v2\/users\/956"}],"replies":[{"embeddable":true,"href":"https:\/\/blog.ilgiornale.it\/ruzzo\/wp-json\/wp\/v2\/comments?post=23731"}],"version-history":[{"count":5,"href":"https:\/\/blog.ilgiornale.it\/ruzzo\/wp-json\/wp\/v2\/posts\/23731\/revisions"}],"predecessor-version":[{"id":23739,"href":"https:\/\/blog.ilgiornale.it\/ruzzo\/wp-json\/wp\/v2\/posts\/23731\/revisions\/23739"}],"wp:attachment":[{"href":"https:\/\/blog.ilgiornale.it\/ruzzo\/wp-json\/wp\/v2\/media?parent=23731"}],"wp:term":[{"taxonomy":"category","embeddable":true,"href":"https:\/\/blog.ilgiornale.it\/ruzzo\/wp-json\/wp\/v2\/categories?post=23731"},{"taxonomy":"post_tag","embeddable":true,"href":"https:\/\/blog.ilgiornale.it\/ruzzo\/wp-json\/wp\/v2\/tags?post=23731"}],"curies":[{"name":"wp","href":"https:\/\/api.w.org\/{rel}","templated":true}]}}