{"id":23844,"date":"2018-03-07T23:32:59","date_gmt":"2018-03-07T22:32:59","guid":{"rendered":"https:\/\/blog.ilgiornale.it\/ruzzo\/?p=23844"},"modified":"2018-03-07T23:41:44","modified_gmt":"2018-03-07T22:41:44","slug":"milano-marathon-in-aiuto-ai-bimbi-maltrattati","status":"publish","type":"post","link":"https:\/\/blog.ilgiornale.it\/ruzzo\/2018\/03\/07\/milano-marathon-in-aiuto-ai-bimbi-maltrattati\/","title":{"rendered":"Milano Marathon in aiuto ai bimbi maltrattati"},"content":{"rendered":"<p><a href=\"https:\/\/blog.ilgiornale.it\/ruzzo\/files\/2018\/03\/caf1.jpg\"><img loading=\"lazy\" class=\"alignleft size-medium wp-image-23847\" src=\"https:\/\/blog.ilgiornale.it\/ruzzo\/files\/2018\/03\/caf1-300x224.jpg\" alt=\"caf\" width=\"300\" height=\"224\" srcset=\"https:\/\/blog.ilgiornale.it\/ruzzo\/files\/2018\/03\/caf1-300x224.jpg 300w, https:\/\/blog.ilgiornale.it\/ruzzo\/files\/2018\/03\/caf1.jpg 710w\" sizes=\"(max-width: 300px) 100vw, 300px\" \/><\/a>Si affannano in molti cercando di dare un senso alla maratona. Ed \u00e8 un affannarsi scomposto perch\u00e8 un senso non c\u2019\u00e8. Meglio, non ce n\u2019\u00e8 uno solo. Chi decide di affrontare la fatica enorme di una 42 chilometri ha sempre dentro\u00a0qualcosa di speciale. Di speciale per se stesso. C\u2019\u00e8 chi parte per vincere, chi per migliorarsi, chi per arrivare, chi per dimostrare\u00a0che quasi sempre \u00e8 la volont\u00e0 che muove le cose e la vita. E la maratona, nel racconto personale di ognuno, \u00e8 la metafora perfetta della vita che non sempre \u00e8 rose e fiori, che spesso \u00e8 in salita, che tante volte ci fa chiedere perch\u00e8, che \u00e8 tenacia, gioia ma anche sconforto e voglia di tornare indietro. In quarantadue chilometri tutto ci\u00f2 passa nella testa e davanti agli occhi pi\u00f9 spesso di quanto si pensi. E anche se hai migliaia di persone attorno che corrono e faticano con te, che ti applaudono che ti dicono di non mollare alla fine il conto \u00e8 sempre e solo il tuo.\u00a0\u00a0Cos\u00ec una maratona sono sempre mille storie. Sportive, personali, gioiose, malinconiche e spesso di riscatto, Vale ovunque e vale anche a Milano dove per l\u2019ottavo anno consecutivo l\u2019associazione <strong>Caf\u00a0<\/strong>sar\u00e0 tra i principali Charity partner della Milano Marathon.\u00a0 Caf \u00e8 una Onlus che dal 1979 si prende cura dei minori che hanno subito gravi maltrattamenti e abusi. \u00c8 una casa temporanea protetta, un luogo sereno in cui i bambini e i ragazzi sono accolti e aiutati a crescere, riacquistando la fiducia in se stessi e nel mondo degli adulti.\u00a0Sul territorio milanese l\u2019Associazione ha attualmente 3 Comunit\u00e0 Residenziali per minori da 3 a 12 anni, 2 Comunit\u00e0 Residenziali e un Centro Diurno per minori dai 13 ai 18 anni. Correre la Milano Marathon il prossimo 8 aprile in una staffetta del Caf \u00e8 un\u2019occasione unica per unire la passione per lo sport al desiderio di sostenere una buona causa per sostenere le attivit\u00e0 che la Onlus svolge quotidianamente a fianco dei minori vittime di maltrattamenti ospitati nelle comunit\u00e0. Il ricavato delle staffette\u00a0<strong>\u00a0<\/strong>verr\u00e0 utilizzato per offrire a questi bambini e ragazzi la possibilit\u00e0 di praticare un\u2019attivit\u00e0 sportiva.\u00a0\u00a0Per iscriversi basta collegarsi al link\u00a0<a href=\"http:\/\/bit.ly\/associazione-caf-milano-marathon-2018\">bit.ly\/associazione-caf-milano-marathon-2018<\/a>, oppure contattare direttamente l\u2019Associazione (<a href=\"mailto:susanna.frongillo@cafonlus.org\">susanna.frongillo@cafonlus.org<\/a>\u00a0\u2013 02 8378360). Le iscrizioni chiuderanno il 26 marzo.<\/p>\n","protected":false},"excerpt":{"rendered":"<p><p>Si affannano in molti cercando di dare un senso alla maratona. Ed \u00e8 un affannarsi scomposto perch\u00e8 un senso non c\u2019\u00e8. Meglio, non ce n\u2019\u00e8 uno solo. Chi decide di affrontare la fatica enorme di una 42 chilometri ha sempre dentro\u00a0qualcosa di speciale. Di speciale per se stesso. C\u2019\u00e8 chi parte per vincere, chi per migliorarsi, chi per arrivare, chi per dimostrare\u00a0che quasi sempre \u00e8 la volont\u00e0 che muove le cose e la vita. E la maratona, nel racconto personale di ognuno, \u00e8 la metafora perfetta della vita che non sempre \u00e8 rose e fiori, che spesso \u00e8 in salita, [&hellip;]<\/p>\n&nbsp;&nbsp;<div class=\"readmore\"><a href=\"https:\/\/blog.ilgiornale.it\/ruzzo\/2018\/03\/07\/milano-marathon-in-aiuto-ai-bimbi-maltrattati\/\">Continua a leggere...<\/a><\/div><\/p>","protected":false},"author":956,"featured_media":0,"comment_status":"open","ping_status":"closed","sticky":false,"template":"","format":"standard","meta":[],"categories":[1],"tags":[],"_links":{"self":[{"href":"https:\/\/blog.ilgiornale.it\/ruzzo\/wp-json\/wp\/v2\/posts\/23844"}],"collection":[{"href":"https:\/\/blog.ilgiornale.it\/ruzzo\/wp-json\/wp\/v2\/posts"}],"about":[{"href":"https:\/\/blog.ilgiornale.it\/ruzzo\/wp-json\/wp\/v2\/types\/post"}],"author":[{"embeddable":true,"href":"https:\/\/blog.ilgiornale.it\/ruzzo\/wp-json\/wp\/v2\/users\/956"}],"replies":[{"embeddable":true,"href":"https:\/\/blog.ilgiornale.it\/ruzzo\/wp-json\/wp\/v2\/comments?post=23844"}],"version-history":[{"count":3,"href":"https:\/\/blog.ilgiornale.it\/ruzzo\/wp-json\/wp\/v2\/posts\/23844\/revisions"}],"predecessor-version":[{"id":23849,"href":"https:\/\/blog.ilgiornale.it\/ruzzo\/wp-json\/wp\/v2\/posts\/23844\/revisions\/23849"}],"wp:attachment":[{"href":"https:\/\/blog.ilgiornale.it\/ruzzo\/wp-json\/wp\/v2\/media?parent=23844"}],"wp:term":[{"taxonomy":"category","embeddable":true,"href":"https:\/\/blog.ilgiornale.it\/ruzzo\/wp-json\/wp\/v2\/categories?post=23844"},{"taxonomy":"post_tag","embeddable":true,"href":"https:\/\/blog.ilgiornale.it\/ruzzo\/wp-json\/wp\/v2\/tags?post=23844"}],"curies":[{"name":"wp","href":"https:\/\/api.w.org\/{rel}","templated":true}]}}