{"id":23882,"date":"2018-03-11T20:38:07","date_gmt":"2018-03-11T19:38:07","guid":{"rendered":"https:\/\/blog.ilgiornale.it\/ruzzo\/?p=23882"},"modified":"2018-03-11T20:52:22","modified_gmt":"2018-03-11T19:52:22","slug":"nello-sport-il-fango-e-il-cacio-sui-maccheroni","status":"publish","type":"post","link":"https:\/\/blog.ilgiornale.it\/ruzzo\/2018\/03\/11\/nello-sport-il-fango-e-il-cacio-sui-maccheroni\/","title":{"rendered":"Nello sport il fango \u00e8 il cacio sui maccheroni"},"content":{"rendered":"\n\t\t<style type=\"text\/css\">\n\t\t\t#gallery-1 {\n\t\t\t\tmargin: auto;\n\t\t\t}\n\t\t\t#gallery-1 .gallery-item {\n\t\t\t\tfloat: left;\n\t\t\t\tmargin-top: 10px;\n\t\t\t\ttext-align: center;\n\t\t\t\twidth: 33%;\n\t\t\t}\n\t\t\t#gallery-1 img {\n\t\t\t\tborder: 2px solid #cfcfcf;\n\t\t\t}\n\t\t\t#gallery-1 .gallery-caption {\n\t\t\t\tmargin-left: 0;\n\t\t\t}\n\t\t\t\/* see gallery_shortcode() in wp-includes\/media.php *\/\n\t\t<\/style>\n\t\t<div id='gallery-1' class='gallery galleryid-23882 gallery-columns-3 gallery-size-thumbnail'><dl class='gallery-item'>\n\t\t\t<dt class='gallery-icon portrait'>\n\t\t\t\t<a href='https:\/\/blog.ilgiornale.it\/ruzzo\/?attachment_id=23871'><img width=\"150\" height=\"150\" src=\"https:\/\/blog.ilgiornale.it\/ruzzo\/files\/2018\/03\/tel13-150x150.jpg\" class=\"attachment-thumbnail size-thumbnail\" alt=\"\" loading=\"lazy\" \/><\/a>\n\t\t\t<\/dt><\/dl><dl class='gallery-item'>\n\t\t\t<dt class='gallery-icon portrait'>\n\t\t\t\t<a href='https:\/\/blog.ilgiornale.it\/ruzzo\/2018\/03\/11\/nello-sport-il-fango-e-il-cacio-sui-maccheroni\/tel1-2\/'><img width=\"150\" height=\"150\" src=\"https:\/\/blog.ilgiornale.it\/ruzzo\/files\/2018\/03\/tel11-150x150.jpg\" class=\"attachment-thumbnail size-thumbnail\" alt=\"\" loading=\"lazy\" \/><\/a>\n\t\t\t<\/dt><\/dl><dl class='gallery-item'>\n\t\t\t<dt class='gallery-icon landscape'>\n\t\t\t\t<a href='https:\/\/blog.ilgiornale.it\/ruzzo\/?attachment_id=23877'><img width=\"150\" height=\"150\" src=\"https:\/\/blog.ilgiornale.it\/ruzzo\/files\/2018\/03\/tel4-150x150.jpg\" class=\"attachment-thumbnail size-thumbnail\" alt=\"\" loading=\"lazy\" \/><\/a>\n\t\t\t<\/dt><\/dl><br style=\"clear: both\" \/><dl class='gallery-item'>\n\t\t\t<dt class='gallery-icon portrait'>\n\t\t\t\t<a href='https:\/\/blog.ilgiornale.it\/ruzzo\/?attachment_id=23880'><img width=\"150\" height=\"150\" src=\"https:\/\/blog.ilgiornale.it\/ruzzo\/files\/2018\/03\/tel71-150x150.jpg\" class=\"attachment-thumbnail size-thumbnail\" alt=\"\" loading=\"lazy\" \/><\/a>\n\t\t\t<\/dt><\/dl><dl class='gallery-item'>\n\t\t\t<dt class='gallery-icon landscape'>\n\t\t\t\t<a href='https:\/\/blog.ilgiornale.it\/ruzzo\/?attachment_id=23878'><img width=\"150\" height=\"150\" src=\"https:\/\/blog.ilgiornale.it\/ruzzo\/files\/2018\/03\/tel5-150x150.jpg\" class=\"attachment-thumbnail size-thumbnail\" alt=\"\" loading=\"lazy\" \/><\/a>\n\t\t\t<\/dt><\/dl><dl class='gallery-item'>\n\t\t\t<dt class='gallery-icon portrait'>\n\t\t\t\t<a href='https:\/\/blog.ilgiornale.it\/ruzzo\/?attachment_id=23873'><img width=\"150\" height=\"150\" src=\"https:\/\/blog.ilgiornale.it\/ruzzo\/files\/2018\/03\/tel3-150x150.jpg\" class=\"attachment-thumbnail size-thumbnail\" alt=\"\" loading=\"lazy\" \/><\/a>\n\t\t\t<\/dt><\/dl><br style=\"clear: both\" \/><dl class='gallery-item'>\n\t\t\t<dt class='gallery-icon portrait'>\n\t\t\t\t<a href='https:\/\/blog.ilgiornale.it\/ruzzo\/?attachment_id=23872'><img width=\"150\" height=\"150\" src=\"https:\/\/blog.ilgiornale.it\/ruzzo\/files\/2018\/03\/tel19-150x150.jpg\" class=\"attachment-thumbnail size-thumbnail\" alt=\"\" loading=\"lazy\" \/><\/a>\n\t\t\t<\/dt><\/dl><dl class='gallery-item'>\n\t\t\t<dt class='gallery-icon portrait'>\n\t\t\t\t<a href='https:\/\/blog.ilgiornale.it\/ruzzo\/?attachment_id=23875'><img width=\"150\" height=\"150\" src=\"https:\/\/blog.ilgiornale.it\/ruzzo\/files\/2018\/03\/tel6-150x150.jpg\" class=\"attachment-thumbnail size-thumbnail\" alt=\"\" loading=\"lazy\" \/><\/a>\n\t\t\t<\/dt><\/dl><dl class='gallery-item'>\n\t\t\t<dt class='gallery-icon portrait'>\n\t\t\t\t<a href='https:\/\/blog.ilgiornale.it\/ruzzo\/2018\/03\/11\/nello-sport-il-fango-e-il-cacio-sui-maccheroni\/tel8\/'><img width=\"150\" height=\"150\" src=\"https:\/\/blog.ilgiornale.it\/ruzzo\/files\/2018\/03\/tel8-150x150.jpg\" class=\"attachment-thumbnail size-thumbnail\" alt=\"\" loading=\"lazy\" \/><\/a>\n\t\t\t<\/dt><\/dl><br style=\"clear: both\" \/><dl class='gallery-item'>\n\t\t\t<dt class='gallery-icon landscape'>\n\t\t\t\t<a href='https:\/\/blog.ilgiornale.it\/ruzzo\/2018\/03\/11\/nello-sport-il-fango-e-il-cacio-sui-maccheroni\/tel9\/'><img width=\"150\" height=\"150\" src=\"https:\/\/blog.ilgiornale.it\/ruzzo\/files\/2018\/03\/tel9-150x150.jpg\" class=\"attachment-thumbnail size-thumbnail\" alt=\"\" loading=\"lazy\" \/><\/a>\n\t\t\t<\/dt><\/dl><dl class='gallery-item'>\n\t\t\t<dt class='gallery-icon portrait'>\n\t\t\t\t<a href='https:\/\/blog.ilgiornale.it\/ruzzo\/2018\/03\/11\/nello-sport-il-fango-e-il-cacio-sui-maccheroni\/tel2-2\/'><img width=\"150\" height=\"150\" src=\"https:\/\/blog.ilgiornale.it\/ruzzo\/files\/2018\/03\/tel21-150x150.jpg\" class=\"attachment-thumbnail size-thumbnail\" alt=\"\" loading=\"lazy\" \/><\/a>\n\t\t\t<\/dt><\/dl><dl class='gallery-item'>\n\t\t\t<dt class='gallery-icon portrait'>\n\t\t\t\t<a href='https:\/\/blog.ilgiornale.it\/ruzzo\/2018\/03\/11\/nello-sport-il-fango-e-il-cacio-sui-maccheroni\/tel10\/'><img width=\"150\" height=\"150\" src=\"https:\/\/blog.ilgiornale.it\/ruzzo\/files\/2018\/03\/tel10-150x150.jpg\" class=\"attachment-thumbnail size-thumbnail\" alt=\"\" loading=\"lazy\" \/><\/a>\n\t\t\t<\/dt><\/dl><br style=\"clear: both\" \/><dl class='gallery-item'>\n\t\t\t<dt class='gallery-icon landscape'>\n\t\t\t\t<a href='https:\/\/blog.ilgiornale.it\/ruzzo\/2018\/03\/11\/nello-sport-il-fango-e-il-cacio-sui-maccheroni\/tel14\/'><img width=\"150\" height=\"150\" src=\"https:\/\/blog.ilgiornale.it\/ruzzo\/files\/2018\/03\/tel14-150x150.jpg\" class=\"attachment-thumbnail size-thumbnail\" alt=\"\" loading=\"lazy\" \/><\/a>\n\t\t\t<\/dt><\/dl><dl class='gallery-item'>\n\t\t\t<dt class='gallery-icon portrait'>\n\t\t\t\t<a href='https:\/\/blog.ilgiornale.it\/ruzzo\/2018\/03\/11\/nello-sport-il-fango-e-il-cacio-sui-maccheroni\/tel15\/'><img width=\"150\" height=\"150\" src=\"https:\/\/blog.ilgiornale.it\/ruzzo\/files\/2018\/03\/tel15-150x150.jpg\" class=\"attachment-thumbnail size-thumbnail\" alt=\"\" loading=\"lazy\" \/><\/a>\n\t\t\t<\/dt><\/dl><dl class='gallery-item'>\n\t\t\t<dt class='gallery-icon landscape'>\n\t\t\t\t<a href='https:\/\/blog.ilgiornale.it\/ruzzo\/2018\/03\/11\/nello-sport-il-fango-e-il-cacio-sui-maccheroni\/tel12\/'><img width=\"150\" height=\"150\" src=\"https:\/\/blog.ilgiornale.it\/ruzzo\/files\/2018\/03\/tel12-150x150.jpg\" class=\"attachment-thumbnail size-thumbnail\" alt=\"\" loading=\"lazy\" \/><\/a>\n\t\t\t<\/dt><\/dl><br style=\"clear: both\" \/><dl class='gallery-item'>\n\t\t\t<dt class='gallery-icon portrait'>\n\t\t\t\t<a href='https:\/\/blog.ilgiornale.it\/ruzzo\/2018\/03\/11\/nello-sport-il-fango-e-il-cacio-sui-maccheroni\/tel17\/'><img width=\"150\" height=\"150\" src=\"https:\/\/blog.ilgiornale.it\/ruzzo\/files\/2018\/03\/tel17-150x150.jpg\" class=\"attachment-thumbnail size-thumbnail\" alt=\"\" loading=\"lazy\" \/><\/a>\n\t\t\t<\/dt><\/dl><dl class='gallery-item'>\n\t\t\t<dt class='gallery-icon portrait'>\n\t\t\t\t<a href='https:\/\/blog.ilgiornale.it\/ruzzo\/2018\/03\/11\/nello-sport-il-fango-e-il-cacio-sui-maccheroni\/tel18\/'><img width=\"150\" height=\"150\" src=\"https:\/\/blog.ilgiornale.it\/ruzzo\/files\/2018\/03\/tel18-150x150.jpg\" class=\"attachment-thumbnail size-thumbnail\" alt=\"\" loading=\"lazy\" \/><\/a>\n\t\t\t<\/dt><\/dl><dl class='gallery-item'>\n\t\t\t<dt class='gallery-icon portrait'>\n\t\t\t\t<a href='https:\/\/blog.ilgiornale.it\/ruzzo\/2018\/03\/11\/nello-sport-il-fango-e-il-cacio-sui-maccheroni\/tel20\/'><img width=\"150\" height=\"150\" src=\"https:\/\/blog.ilgiornale.it\/ruzzo\/files\/2018\/03\/tel20-150x150.jpg\" class=\"attachment-thumbnail size-thumbnail\" alt=\"\" loading=\"lazy\" \/><\/a>\n\t\t\t<\/dt><\/dl><br style=\"clear: both\" \/>\n\t\t<\/div>\n\n<p>Nello sport il fango \u00e8 un po\u2019 il cacio sui maccheroni. Non solo nella corsa. Il fango \u00e8 la storia del ciclismo stampata sulla faccia piena di goia di<strong> Franco Ballerini<\/strong> che alza le braccia sul traguardo del Velodrome di Roubaix. E il pugno alzato di <strong>Alessandro Troncon<\/strong> sotto una pigna di azzurri e gallesi che nel 2007 in uno stadio Flaminio esaurito firma la meta che d\u00e0 all\u2019Italia la seconda vittoria nel miglior Sei nazioni di sempre. E\u2019 la maglia sporca di <strong>Vincenzo Nibali<\/strong> che pedala sul pav\u00e8 verso Arenberg nella giornata in cui fa capire a tutti che vincer\u00e0 il Tour de France. Il fango \u00e8 l\u2019inchiostro con cui si scrivono pagine indimenticabili dello sport. E\u2019 la polvere magica che ci fa tornare un po\u2019 tutti bambini quando si aspettava la pioggia per andare a giocare al campo. E\u2019 il coraggio di provarci lo stesso anche quando non si potrebbe o non si dovrebbe. Il fango \u00e8 la Cinque Mulini, \u00e8 l\u2019essenza del cross, di un\u2019atletica forse meno aristocratica per\u00f2 pi\u00f9 epica dove per vincere bisogna sporcarsi le mani e non solo quelle. Dove forse bisogna essere un po\u2019 pi\u00f9 eroi. E\u2019 il fango che esalta i gesti e il racconto. Che sfigura le facce, che cancella gli sponsor delle maglie, che rende tutto e tutti uguali. La differenza la fanno i sorrisi. La differenza la fa la gioia che si legge al traguardo sulle facce di tutti quelli che sono arrivati alla fine. Stanchi, sporchi, irriconoscibili. Il fango \u00e8 il <strong>Duathlon di Telgate<\/strong> che oggi \u00e8 stato un capolavoro di sport. Grazie al <strong>707 Triathlon<\/strong> team con un&#8217;organizzazione perfetta nonostante il diluvio sconsigliasse anche solo di provarci. Grazie agli allenatori che sono l&#8217;essenza di uno sport puro trasmesso a chi sta crescendo. Grazie ai giudici, ai volontari, alla pazienza di mamme e pap\u00e0, stoici sotto le cerate e gli ombrelli che quando piove cos\u00ec non bastano mai e non servono a nulla.\u00a0 Grazie a chi ci crede,\u00a0 a chi semina, a chi non si arrende all&#8217;idea che minicuccioli, cuccioli,\u00a0 bimbi, ragazzi e ragazze siano un &#8220;gregge&#8221; dalla salute cagionevole da tenere sul divano al caldo quando fuori piove magari a rintronarsi sugli smartphone. Ma grazie soprattutto a questi &#8220;piccoli eroi&#8221; che\u00a0 oggi hanno corso e pedalato anche dove davvero non si poteva. Che hanno combattuto,\u00a0 sofferto,\u00a0 imprecato, pianto e alla fine sorriso. Che si sono rincorsi, sporcati, superati e alla fine abbracciati. Che hanno fatto qualcosa di grande anche se sono piccoli&#8230;<\/p>\n","protected":false},"excerpt":{"rendered":"<p><p>Nello sport il fango \u00e8 un po\u2019 il cacio sui maccheroni. Non solo nella corsa. Il fango \u00e8 la storia del ciclismo stampata sulla faccia piena di goia di Franco Ballerini che alza le braccia sul traguardo del Velodrome di Roubaix. E il pugno alzato di Alessandro Troncon sotto una pigna di azzurri e gallesi che nel 2007 in uno stadio Flaminio esaurito firma la meta che d\u00e0 all\u2019Italia la seconda vittoria nel miglior Sei nazioni di sempre. E\u2019 la maglia sporca di Vincenzo Nibali che pedala sul pav\u00e8 verso Arenberg nella giornata in cui fa capire a tutti che [&hellip;]<\/p>\n&nbsp;&nbsp;<div class=\"readmore\"><a href=\"https:\/\/blog.ilgiornale.it\/ruzzo\/2018\/03\/11\/nello-sport-il-fango-e-il-cacio-sui-maccheroni\/\">Continua a leggere...<\/a><\/div><\/p>","protected":false},"author":956,"featured_media":0,"comment_status":"open","ping_status":"closed","sticky":false,"template":"","format":"standard","meta":[],"categories":[1],"tags":[],"_links":{"self":[{"href":"https:\/\/blog.ilgiornale.it\/ruzzo\/wp-json\/wp\/v2\/posts\/23882"}],"collection":[{"href":"https:\/\/blog.ilgiornale.it\/ruzzo\/wp-json\/wp\/v2\/posts"}],"about":[{"href":"https:\/\/blog.ilgiornale.it\/ruzzo\/wp-json\/wp\/v2\/types\/post"}],"author":[{"embeddable":true,"href":"https:\/\/blog.ilgiornale.it\/ruzzo\/wp-json\/wp\/v2\/users\/956"}],"replies":[{"embeddable":true,"href":"https:\/\/blog.ilgiornale.it\/ruzzo\/wp-json\/wp\/v2\/comments?post=23882"}],"version-history":[{"count":4,"href":"https:\/\/blog.ilgiornale.it\/ruzzo\/wp-json\/wp\/v2\/posts\/23882\/revisions"}],"predecessor-version":[{"id":23898,"href":"https:\/\/blog.ilgiornale.it\/ruzzo\/wp-json\/wp\/v2\/posts\/23882\/revisions\/23898"}],"wp:attachment":[{"href":"https:\/\/blog.ilgiornale.it\/ruzzo\/wp-json\/wp\/v2\/media?parent=23882"}],"wp:term":[{"taxonomy":"category","embeddable":true,"href":"https:\/\/blog.ilgiornale.it\/ruzzo\/wp-json\/wp\/v2\/categories?post=23882"},{"taxonomy":"post_tag","embeddable":true,"href":"https:\/\/blog.ilgiornale.it\/ruzzo\/wp-json\/wp\/v2\/tags?post=23882"}],"curies":[{"name":"wp","href":"https:\/\/api.w.org\/{rel}","templated":true}]}}