{"id":23913,"date":"2018-03-16T09:16:17","date_gmt":"2018-03-16T08:16:17","guid":{"rendered":"https:\/\/blog.ilgiornale.it\/ruzzo\/?p=23913"},"modified":"2018-03-16T09:16:17","modified_gmt":"2018-03-16T08:16:17","slug":"cera-una-volta-la-sanremo-e-ce-ancora","status":"publish","type":"post","link":"https:\/\/blog.ilgiornale.it\/ruzzo\/2018\/03\/16\/cera-una-volta-la-sanremo-e-ce-ancora\/","title":{"rendered":"C&#8217;era una volta la Sanremo (e c&#8217;\u00e8 ancora&#8230;)"},"content":{"rendered":"<p><a href=\"https:\/\/blog.ilgiornale.it\/ruzzo\/files\/2018\/03\/san.jpg\"><img loading=\"lazy\" class=\"alignleft size-medium wp-image-23915\" src=\"https:\/\/blog.ilgiornale.it\/ruzzo\/files\/2018\/03\/san-300x199.jpg\" alt=\"san\" width=\"300\" height=\"199\" srcset=\"https:\/\/blog.ilgiornale.it\/ruzzo\/files\/2018\/03\/san-300x199.jpg 300w, https:\/\/blog.ilgiornale.it\/ruzzo\/files\/2018\/03\/san.jpg 578w\" sizes=\"(max-width: 300px) 100vw, 300px\" \/><\/a>C&#8217;era una volta la Milano Sanremo. E c&#8217;\u00e8 ancora. Era un&#8217;altra vita, un altro ciclismo quello che si metteva in sella all&#8217;inizio del secolo. Quello che partiva per la Riviera nel 1907 davanti all&#8217;osteria della Conca Fallata lungo il Naviglio Pavese. Al primo via, si presentarono trentatr\u00e9 dei sessantadue corridori iscritti. Eroi davvero. Pioveva e faceva freddo come spesso capita a marzo e come probabilmente capiter\u00e0 anche domani mattina quando partir\u00e0 l&#8217;edizione numero 109 della classica di Primavera.\u00a0 Ora a decidere chi vincer\u00e0, se ci saranno dubbi in volata, sar\u00e0 la Var che dopo il calcio debutta anche nel ciclismo. Allora dubbi non ce ne furono e fu il francese Lucien Petit-Breton, sotto contratto con la Bianchi, che complet\u00f2 i 281 chilometri del percorso a 26,206 chilometri all&#8217;ora di media. Immagini sbiadite che per\u00f2 sempre pi\u00f9 spesso rivivono nella riscoperta del ciclismo di una volta che fu che sta tornando prepotentemente di moda. E allora la Grande corsa riparte. Torna a vivere nella Gran Corsa di Primavera che \u00e8 cominciata pochi giorni fa con una speciale punzonatura nel Museo Alessandria Citt\u00e0 delle Biciclette e per tutto il fine settimana sar\u00e0 una lunga celebrazione a pedali. Settantadue coraggiosi che hanno fatto passerella sfilando davanti alle bici di Girardengo, Coppi e Bartali, \u00abferri\u00bb che hanno fatto la storia della corsa e che saranno le \u00abprotagoniste\u00bb di una mostra allestiti in questi giorni al Casin\u00f2 di Sanremo. Cinquantadue italiani, tredici francesi, due olandesi e un belga che ieri sono partiti dall&#8217;Arco della Pace e sabato arriveranno nella citt\u00e0 dei fiori poco prima dei professionisti. Tre tappe: la prima tappa fino a Tortona, la seconda fino a Finale Ligure per finire con gli ultimi 76 km, tutti rivieraschi in una passerella che raccoglier\u00e0 applausi e ammirazione. Dopo tanta fatica perch\u00e8 anche di questo si tratta visto che si pedaler\u00e0 su bici d&#8217;allora, pesanti, senza cambi, con un solo rapporto da pianura e un solo rapporto da salita dall&#8217;altra parte del mozzo della ruota. I \u00abgrancorsini\u00bb, tutti come allora vestiti, partono con la benedizione delle bici di Coppi, di Bartali e di Girardengo e con la maglia di Eddie Merckx, cimeli che ritroveranno nella mostra a Sanremo dove andranno in visita dopo aver tagliato il traguardo. Bici che non si vedevano da 69 anni dopo aver duellato in lungo e in largo sulle strade di Giro, Tour e anche della Sanremo. Sono le bici del 1949 quelle che, in un&#8217;edizione fantastica del Tour de France finirono dopo un lungo duello, che divise l&#8217;Italia in due, una davanti all&#8217;altra, Fausto davanti a Gino. fausto pi\u00f9 forte di Gino nelle due crono e sulle Alpi. Oggi come allora. Come cantava negli Anni 40 il Quartetto Cetra: \u00abPassa la prima Milano-Sanremo e nel polverone ben presto scompar. Dio solo sa quando noi giungeremo, anche il Turchino dovremo scalar Passa la prima Milano-Sanremo: Petit Breton, Pellissier, Garrigou! Ogni bicicletta chili 33 e una medaglietta solo ai primi tre&#8230;Si part\u00ec luned\u00ec e arrivammo di mercoled\u00ec. Come premio trovammo a Sanremo un bacio, un sorriso e un fior! Fiori di Sanremo per il vincitor&#8230;\u00bb.<\/p>\n","protected":false},"excerpt":{"rendered":"<p><p>C&#8217;era una volta la Milano Sanremo. E c&#8217;\u00e8 ancora. Era un&#8217;altra vita, un altro ciclismo quello che si metteva in sella all&#8217;inizio del secolo. Quello che partiva per la Riviera nel 1907 davanti all&#8217;osteria della Conca Fallata lungo il Naviglio Pavese. Al primo via, si presentarono trentatr\u00e9 dei sessantadue corridori iscritti. Eroi davvero. Pioveva e faceva freddo come spesso capita a marzo e come probabilmente capiter\u00e0 anche domani mattina quando partir\u00e0 l&#8217;edizione numero 109 della classica di Primavera.\u00a0 Ora a decidere chi vincer\u00e0, se ci saranno dubbi in volata, sar\u00e0 la Var che dopo il calcio debutta anche nel ciclismo. [&hellip;]<\/p>\n&nbsp;&nbsp;<div class=\"readmore\"><a href=\"https:\/\/blog.ilgiornale.it\/ruzzo\/2018\/03\/16\/cera-una-volta-la-sanremo-e-ce-ancora\/\">Continua a leggere...<\/a><\/div><\/p>","protected":false},"author":956,"featured_media":0,"comment_status":"open","ping_status":"closed","sticky":false,"template":"","format":"standard","meta":[],"categories":[1],"tags":[],"_links":{"self":[{"href":"https:\/\/blog.ilgiornale.it\/ruzzo\/wp-json\/wp\/v2\/posts\/23913"}],"collection":[{"href":"https:\/\/blog.ilgiornale.it\/ruzzo\/wp-json\/wp\/v2\/posts"}],"about":[{"href":"https:\/\/blog.ilgiornale.it\/ruzzo\/wp-json\/wp\/v2\/types\/post"}],"author":[{"embeddable":true,"href":"https:\/\/blog.ilgiornale.it\/ruzzo\/wp-json\/wp\/v2\/users\/956"}],"replies":[{"embeddable":true,"href":"https:\/\/blog.ilgiornale.it\/ruzzo\/wp-json\/wp\/v2\/comments?post=23913"}],"version-history":[{"count":2,"href":"https:\/\/blog.ilgiornale.it\/ruzzo\/wp-json\/wp\/v2\/posts\/23913\/revisions"}],"predecessor-version":[{"id":23916,"href":"https:\/\/blog.ilgiornale.it\/ruzzo\/wp-json\/wp\/v2\/posts\/23913\/revisions\/23916"}],"wp:attachment":[{"href":"https:\/\/blog.ilgiornale.it\/ruzzo\/wp-json\/wp\/v2\/media?parent=23913"}],"wp:term":[{"taxonomy":"category","embeddable":true,"href":"https:\/\/blog.ilgiornale.it\/ruzzo\/wp-json\/wp\/v2\/categories?post=23913"},{"taxonomy":"post_tag","embeddable":true,"href":"https:\/\/blog.ilgiornale.it\/ruzzo\/wp-json\/wp\/v2\/tags?post=23913"}],"curies":[{"name":"wp","href":"https:\/\/api.w.org\/{rel}","templated":true}]}}