{"id":23935,"date":"2018-03-19T20:33:31","date_gmt":"2018-03-19T19:33:31","guid":{"rendered":"https:\/\/blog.ilgiornale.it\/ruzzo\/?p=23935"},"modified":"2018-03-19T20:33:31","modified_gmt":"2018-03-19T19:33:31","slug":"ora-nibali-pensa-a-liegi-e-fiandre-e-al-mondiale","status":"publish","type":"post","link":"https:\/\/blog.ilgiornale.it\/ruzzo\/2018\/03\/19\/ora-nibali-pensa-a-liegi-e-fiandre-e-al-mondiale\/","title":{"rendered":"Ora Nibali pensa a Liegi e Fiandre ( e al mondiale)"},"content":{"rendered":"<p><a href=\"https:\/\/blog.ilgiornale.it\/ruzzo\/files\/2018\/03\/nibba.jpg\"><img loading=\"lazy\" class=\"alignleft size-medium wp-image-23936\" src=\"https:\/\/blog.ilgiornale.it\/ruzzo\/files\/2018\/03\/nibba-300x271.jpg\" alt=\"nibba\" width=\"300\" height=\"271\" srcset=\"https:\/\/blog.ilgiornale.it\/ruzzo\/files\/2018\/03\/nibba-300x271.jpg 300w, https:\/\/blog.ilgiornale.it\/ruzzo\/files\/2018\/03\/nibba.jpg 456w\" sizes=\"(max-width: 300px) 100vw, 300px\" \/><\/a>&#8220;La Liegi-Bastogne-Liegi \u00e8 una corsa che ho avuto sempre l&#8217;ambizione di portare a casa: il miglior risultato che ho fatto \u00e8 stato secondo perch\u00e9 sono stato ripreso proprio all&#8217;ultimo chilometro e quella \u00e8 stata una delle sconfitte pi\u00f9 beffarde, che mi \u00e8 rimasta un po&#8217; sullo stomaco&#8221;. <strong>Vincenzo Nibali<\/strong>, smaltita la sbronia della &#8220;sua&#8221; Sanremo, racconta\u00a0 a <strong>&#8220;Tutti Convocati&#8221; sui su Radio 24<\/strong> che intenzioni ha nei mesi a venire. Gira e rigira il pallino \u00e8 quello del mondiale di Innsbruck a settembre, il\u00a0 pi\u00f9 duro degli ultimi 25 anni, una corsa adatta ai grandi scalatori, un percorso tosto quanto basta e quanto serve per autorizzare pi\u00f9 che un pensiero.\u00a0 Ma non il solo visto come \u00e8 cominciata la stagione. &#8221; Ci proveremo a vincerla la Liegi anche se non \u00e8 facile &#8211; spiega &#8211; Ci prover\u00f2, ci ho provato davvero tante volte per\u00f2 \u00e8 difficile. Quest&#8217;anno siamo partiti abbastanza bene con questa super perla della Milano-Sanremo. L&#8217;obiettivo \u00e8 quello di cercare di tenere la condizione, arrivare alle classiche bene. Ci sar\u00e0 un passaggio al Fiandre nel giorno di Pasqua, vediamo che approccio avr\u00f2 in una gara che correr\u00f2 per la prima volta, non so nemmeno io a cosa vado incontro. Cercher\u00f2 di trarre un vantaggio per il futuro&#8230;&#8221;.\u00a0 Gli obiettivi per quest&#8217;anno sono\u00a0 tanti, ad iniziare dal Tour de France dove \u00e8 certo che l&#8217;azzurro non andr\u00e0 a far la comparsa. Ma prima ci sono le gare del Nord. Che non si pu\u00f2 mai dire e non \u00e8 detto. Perch\u00e8 se Nibali sar\u00e0 quello del Civiglio e del Poggio&#8230;<\/p>\n","protected":false},"excerpt":{"rendered":"<p><p>&#8220;La Liegi-Bastogne-Liegi \u00e8 una corsa che ho avuto sempre l&#8217;ambizione di portare a casa: il miglior risultato che ho fatto \u00e8 stato secondo perch\u00e9 sono stato ripreso proprio all&#8217;ultimo chilometro e quella \u00e8 stata una delle sconfitte pi\u00f9 beffarde, che mi \u00e8 rimasta un po&#8217; sullo stomaco&#8221;. Vincenzo Nibali, smaltita la sbronia della &#8220;sua&#8221; Sanremo, racconta\u00a0 a &#8220;Tutti Convocati&#8221; sui su Radio 24 che intenzioni ha nei mesi a venire. Gira e rigira il pallino \u00e8 quello del mondiale di Innsbruck a settembre, il\u00a0 pi\u00f9 duro degli ultimi 25 anni, una corsa adatta ai grandi scalatori, un percorso tosto quanto [&hellip;]<\/p>\n&nbsp;&nbsp;<div class=\"readmore\"><a href=\"https:\/\/blog.ilgiornale.it\/ruzzo\/2018\/03\/19\/ora-nibali-pensa-a-liegi-e-fiandre-e-al-mondiale\/\">Continua a leggere...<\/a><\/div><\/p>","protected":false},"author":956,"featured_media":0,"comment_status":"open","ping_status":"closed","sticky":false,"template":"","format":"standard","meta":[],"categories":[1],"tags":[],"_links":{"self":[{"href":"https:\/\/blog.ilgiornale.it\/ruzzo\/wp-json\/wp\/v2\/posts\/23935"}],"collection":[{"href":"https:\/\/blog.ilgiornale.it\/ruzzo\/wp-json\/wp\/v2\/posts"}],"about":[{"href":"https:\/\/blog.ilgiornale.it\/ruzzo\/wp-json\/wp\/v2\/types\/post"}],"author":[{"embeddable":true,"href":"https:\/\/blog.ilgiornale.it\/ruzzo\/wp-json\/wp\/v2\/users\/956"}],"replies":[{"embeddable":true,"href":"https:\/\/blog.ilgiornale.it\/ruzzo\/wp-json\/wp\/v2\/comments?post=23935"}],"version-history":[{"count":1,"href":"https:\/\/blog.ilgiornale.it\/ruzzo\/wp-json\/wp\/v2\/posts\/23935\/revisions"}],"predecessor-version":[{"id":23937,"href":"https:\/\/blog.ilgiornale.it\/ruzzo\/wp-json\/wp\/v2\/posts\/23935\/revisions\/23937"}],"wp:attachment":[{"href":"https:\/\/blog.ilgiornale.it\/ruzzo\/wp-json\/wp\/v2\/media?parent=23935"}],"wp:term":[{"taxonomy":"category","embeddable":true,"href":"https:\/\/blog.ilgiornale.it\/ruzzo\/wp-json\/wp\/v2\/categories?post=23935"},{"taxonomy":"post_tag","embeddable":true,"href":"https:\/\/blog.ilgiornale.it\/ruzzo\/wp-json\/wp\/v2\/tags?post=23935"}],"curies":[{"name":"wp","href":"https:\/\/api.w.org\/{rel}","templated":true}]}}