{"id":24095,"date":"2018-04-21T19:13:35","date_gmt":"2018-04-21T17:13:35","guid":{"rendered":"https:\/\/blog.ilgiornale.it\/ruzzo\/?p=24095"},"modified":"2018-04-21T19:13:35","modified_gmt":"2018-04-21T17:13:35","slug":"amstel-gold-race-pirelli-torna-in-gara","status":"publish","type":"post","link":"https:\/\/blog.ilgiornale.it\/ruzzo\/2018\/04\/21\/amstel-gold-race-pirelli-torna-in-gara\/","title":{"rendered":"Amstel Gold Race,  Pirelli torna in gara"},"content":{"rendered":"<p><a href=\"https:\/\/blog.ilgiornale.it\/ruzzo\/files\/2018\/04\/pire.jpg\"><img loading=\"lazy\" class=\"alignright size-medium wp-image-24098\" src=\"https:\/\/blog.ilgiornale.it\/ruzzo\/files\/2018\/04\/pire-300x191.jpg\" alt=\"pire\" width=\"300\" height=\"191\" srcset=\"https:\/\/blog.ilgiornale.it\/ruzzo\/files\/2018\/04\/pire-300x191.jpg 300w, https:\/\/blog.ilgiornale.it\/ruzzo\/files\/2018\/04\/pire.jpg 838w\" sizes=\"(max-width: 300px) 100vw, 300px\" \/><\/a>Il rientro ciclismo era stato annunciato qualche tempo fa.\u00a0<strong> Pirelli<\/strong><b>\u00a0<\/b>torna a pedalare anche se\u00a0 in quel mondo l\u00ec c&#8217;\u00e8 sempre stata, com\u2019\u00e8 nel dna sportivo di questa azienda che in bacheca ha una lunga striscia di vittorie. Ed \u00e8 un gran ritorno perch\u00e8 \u00a0gi\u00e0 nel primo Giro d\u2019Italia nel 1909 il gruppo di viale Sarca era presente con \u00a030 dei 49 finalisti che tagliarono il traguardo della corsa. Storia di grandi nomi, di grandi corse come il\u00a0<strong>Gran Premio Pirelli<\/strong>\u00a0e di grandi campioni, uno su tutti\u00a0<strong>Fausto Coppi,<\/strong>\u00a0che \u00a0scelse i palmer della \u201cP lunga\u201d per la sua Bianchi.\u00a0 La settimana scorsa\u00a0 il rientro ufficiale in corsa, nell&#8217;<strong>Amstel Gold race<\/strong> con la squadra irlandese Pro Continental, <strong>Aqua Blue Sport.<\/strong> Un accordo che non \u00e8 solo l&#8217;affiancarsi di sue brand ma una collaborazione tecnica che , come \u00e8 sempre stato con i team dalla F1 al motomondiale,\u00a0 porta sulle\u00a0\u00a03T Strada del team irlandese un tubolare sviluppato soprattutto grazie a feedback degli atleti.\u00a0L\u2019Amstel Gold Race \u00e8 il primo passo \u201cpubblico\u201d in corsa ma \u00e8 solo l&#8217;inizio di un&#8217;avventura che continuer\u00e0 nelle altre competizioni della stagione in cui verranno testate nuove soluzioni.\u00a0Per Aqua Blue Sport, Pirelli ha messo a punto una nuova, specifica, gomma tubolare\u00a0 da 28 mm, studiata per massimizzare le caratteristiche aerodinamiche della 3T Strada. Per l\u2019allenamento, invece, il team usa i copertoncini PZero Velo, 28 mm, gi\u00e0 disponibili sul mercato.\u00a0 &#8220;\u201cSiamo orgogliosi di iniziare questa nuova partnership con Pirelli- spiega <strong>Stephen Moore,<\/strong> General Manager del team Aqua Blue Sport- perch\u00e8&#8217; un un marchio che rappresenta i pi\u00f9 alti standard di qualit\u00e0 nell&#8217;universo dei pneumatici. Cos\u00ec mentre ci sforziamo di tracciare un percorso mirato all&#8217;innovazione tecnica del ciclismo professionistico, questa nuova collaborazione apporta ulteriore slancio alla nostra visione e, auspicabilmente, aprir\u00e0 la strada a grandi risultati in gara&#8221;. I nuovi tubolari Pirelli per il team irlandese, cos\u00ec come i clincher PZero Velo, sono sviluppati con tecnologia proprietaria Pirelli e le mescole sono realizzate da Pirelli nello stabilimento di Slatina, in Romania, dove vengono prodotte quelle in dotazione alle monoposto di Formula 1. \u201cIl ritorno di Pirelli su un mezzo bici da competizione \u00e8 la naturale conseguenza del rientro dell\u2019azienda nel mondo del ciclismo \u2013 commenta <strong>Antonella Lauriola,<\/strong> COO Business Unit Velo Pirelli \u2013 e ci fa piacere che questo avvenga con Aqua Blue Sport. \u00c8 un team di grande personalit\u00e0 e preparazione tecnica, con il quale condividiamo valori e visione. Le innovazioni tecnologiche che ne risultano, cos\u00ec come avviene nelle altre competizioni in cui Pirelli \u00e8 presente, andranno a vantaggio della squadra e serviranno a sperimentare soluzioni sempre pi\u00f9 avanzate, per la nostra offerta al consumatore finale.\u201d<\/p>\n","protected":false},"excerpt":{"rendered":"<p><p>Il rientro ciclismo era stato annunciato qualche tempo fa.\u00a0 Pirelli\u00a0torna a pedalare anche se\u00a0 in quel mondo l\u00ec c&#8217;\u00e8 sempre stata, com\u2019\u00e8 nel dna sportivo di questa azienda che in bacheca ha una lunga striscia di vittorie. Ed \u00e8 un gran ritorno perch\u00e8 \u00a0gi\u00e0 nel primo Giro d\u2019Italia nel 1909 il gruppo di viale Sarca era presente con \u00a030 dei 49 finalisti che tagliarono il traguardo della corsa. Storia di grandi nomi, di grandi corse come il\u00a0Gran Premio Pirelli\u00a0e di grandi campioni, uno su tutti\u00a0Fausto Coppi,\u00a0che \u00a0scelse i palmer della \u201cP lunga\u201d per la sua Bianchi.\u00a0 La settimana scorsa\u00a0 il [&hellip;]<\/p>\n&nbsp;&nbsp;<div class=\"readmore\"><a href=\"https:\/\/blog.ilgiornale.it\/ruzzo\/2018\/04\/21\/amstel-gold-race-pirelli-torna-in-gara\/\">Continua a leggere...<\/a><\/div><\/p>","protected":false},"author":956,"featured_media":0,"comment_status":"open","ping_status":"closed","sticky":false,"template":"","format":"standard","meta":[],"categories":[1],"tags":[],"_links":{"self":[{"href":"https:\/\/blog.ilgiornale.it\/ruzzo\/wp-json\/wp\/v2\/posts\/24095"}],"collection":[{"href":"https:\/\/blog.ilgiornale.it\/ruzzo\/wp-json\/wp\/v2\/posts"}],"about":[{"href":"https:\/\/blog.ilgiornale.it\/ruzzo\/wp-json\/wp\/v2\/types\/post"}],"author":[{"embeddable":true,"href":"https:\/\/blog.ilgiornale.it\/ruzzo\/wp-json\/wp\/v2\/users\/956"}],"replies":[{"embeddable":true,"href":"https:\/\/blog.ilgiornale.it\/ruzzo\/wp-json\/wp\/v2\/comments?post=24095"}],"version-history":[{"count":3,"href":"https:\/\/blog.ilgiornale.it\/ruzzo\/wp-json\/wp\/v2\/posts\/24095\/revisions"}],"predecessor-version":[{"id":24099,"href":"https:\/\/blog.ilgiornale.it\/ruzzo\/wp-json\/wp\/v2\/posts\/24095\/revisions\/24099"}],"wp:attachment":[{"href":"https:\/\/blog.ilgiornale.it\/ruzzo\/wp-json\/wp\/v2\/media?parent=24095"}],"wp:term":[{"taxonomy":"category","embeddable":true,"href":"https:\/\/blog.ilgiornale.it\/ruzzo\/wp-json\/wp\/v2\/categories?post=24095"},{"taxonomy":"post_tag","embeddable":true,"href":"https:\/\/blog.ilgiornale.it\/ruzzo\/wp-json\/wp\/v2\/tags?post=24095"}],"curies":[{"name":"wp","href":"https:\/\/api.w.org\/{rel}","templated":true}]}}