{"id":24732,"date":"2018-08-19T19:00:55","date_gmt":"2018-08-19T17:00:55","guid":{"rendered":"https:\/\/blog.ilgiornale.it\/ruzzo\/?p=24732"},"modified":"2018-08-19T19:00:55","modified_gmt":"2018-08-19T17:00:55","slug":"i-buffoni-del-monte-bianco","status":"publish","type":"post","link":"https:\/\/blog.ilgiornale.it\/ruzzo\/2018\/08\/19\/i-buffoni-del-monte-bianco\/","title":{"rendered":"I &#8220;buffoni&#8221; del Monte Bianco"},"content":{"rendered":"<p><strong><a href=\"https:\/\/blog.ilgiornale.it\/ruzzo\/files\/2018\/08\/bianco.jpg\"><img loading=\"lazy\" class=\"alignleft size-medium wp-image-24733\" src=\"https:\/\/blog.ilgiornale.it\/ruzzo\/files\/2018\/08\/bianco-300x297.jpg\" alt=\"bianco\" width=\"300\" height=\"297\" srcset=\"https:\/\/blog.ilgiornale.it\/ruzzo\/files\/2018\/08\/bianco-300x297.jpg 300w, https:\/\/blog.ilgiornale.it\/ruzzo\/files\/2018\/08\/bianco-150x150.jpg 150w, https:\/\/blog.ilgiornale.it\/ruzzo\/files\/2018\/08\/bianco.jpg 621w\" sizes=\"(max-width: 300px) 100vw, 300px\" \/><\/a>\u00abI buffoni del Bianco sono ancora qui&#8230;\u00bb.<\/strong> Il Bianco \u00e8 il Monte Bianco e chi non usa mezze parole per raccontare chi sono i nuovi turisti della montagna \u00e8 Jean-Marc Peillex, sindaco della citt\u00e0 Saint-Gervais in Alta Savoia, punto di partenza della salita che dal rifugio Gouter porta agli oltre 4800 metri della cima.<\/p>\n<p><strong>Peillex ama la polemica e non \u00e8 nuovo a queste uscite<\/strong> \u00abFerragostane\u00bb e gi\u00e0 l&#8217;anno scorso si era impuntato per cercare di vietare le salite a chi non era attrezzato di tutto punto senza pensare poi che uno pu\u00f2 essere attrezzato finch\u00e8 vuole ma se non \u00e8 mai andato in montagna rischia la vita lo stesso. Ma tant&#8217;\u00e8. Il problema c&#8217;\u00e8 e la storia \u00e8 un po&#8217; la solita e cio\u00e8 il comportamento irrispettoso e pericoloso di chi si avventura in alta montagna come se andasse a fare un scampagnata fuoriporta, di chi si improvvisa, di chi non ha rispetto per le minime norme di sicurezza e dei luoghi e di chi con la cultura della montagna ha poco da spartire.<\/p>\n<p><strong>La goccia che ha fatto traboccare il vaso<\/strong> \u00e8 di pochi giorni fa quando una guida francese \u00e8 stata presa a pugni da un gruppo di alpinisti dell&#8217;Europa dell&#8217;Est perch\u00e8 non si \u00e8 fermato per lasciarli passare. Capita. Forse \u00e8 sempre capitato. Ma il tweet del sindaco ha raccontato di uno \u00absgarro\u00bb da bulli come l&#8217;ultimo di una serie di \u00absfregi\u00bb. Pugni, spintoni insulti a guide colpevoli di far notare agli alpinisti i loro comportamenti scorretti sono all&#8217;ordine del giorno ormai. All&#8217;inizio dell&#8217;estate una squadra di spagnoli avrebbe aggredito una guida francese che li aveva superati spingendola in un fosso e un&#8217;altra guida sarebbe stata picchiata in un rifugio per aver fatto notare ad un alpinista che si stava facendo un selfie con scarponi e piccozza che cos\u00ec non poteva entrare.<\/p>\n<p><strong>Una lunga lista che si aggiunge alle \u00ableggerezze\u00bb<\/strong> di chi parte per la vetta pensando che sia normale portar con s\u00e8 il cane, di chi sulla cima pretende di piantare tenda o paoli di 10 metri per issare bandiere, di chi si avventura senza ramponi, senza corde di sicurezza o addirittura in scarpe da ginnastica sulla creste ghiacciate. \u00abA ci\u00f2 si aggiunge il fenomeno delle guide abusive &#8211; continua il sindaco di Saint-Gervais che non hanno le competenze ma soprattutto nessun diritto di stare qui&#8230;\u00bb.<\/p>\n<p><strong>In estate sul Bianco dal rifugio Gouter salgono in media 80 alpinisti al giorno,<\/strong> un via-vai reso pi\u00f9 rischioso in questi giorni da una eccezionale ondata di caldo che a luglio aveva portato il sindaco Peillex a minacciare la chiusura delle salite. Pochi giorni fa sulla via normale della Tour Ronde, a quota 3500 metri era dovuto intervenire l&#8217;elisoccorso per salvare un&#8217;alpinista inglese di 27 anni che, durante la salita lungo la cresta sud-est, era rimasta incastrata con entrambe le gambe sotto un grosso masso. Le guide del soccorso alpino valdostano erano poi riuscite a liberarla e a portarla in ospedale dove e stata ricoverata con alcune fratture. Era finita in un dramma invece la spedizione di tre ragazzi italiani scomparsi nella crepacciata terminale della Petite Aiguille Verte (3.512 metri) sul versante dell&#8217;Aiguille d&#8217;Argenti\u00e9re. I tre Luca Lombardini di 31 anni, la sua fidanzata 27enne Elisa Berton e suo fratello Alessandro, di 28 anni sono stati trovati in un crepaccio. Le ricerche erano scattate mercoled\u00ec.<\/p>\n<blockquote><p>\u00abUna volta la montagna era dei \u201cmontagnari\u201c che lavoravano negli alpeggi o degli alpinisti. Oggi \u00e8 di tutti e ci\u00f2 comporta una serie di problemi che vanno dalla sicurezza, alla cultura, al rispetto delle regole perch\u00e8 molti non conoscono la grammatica&#8230;\u00bb. Ma per <strong>Emilio Previtali,<\/strong> personaggio del mondo delle montagna gi\u00e0 direttore di alcune riviste specializzate ed oggi responsabile editoriale del bimensile \u00abAl Vento\u00bb, il fatto che in tanti si avventurino su vette e salite \u00e8 solo un bene. \u00abLa differenza la fanno le persone e il modo di porsi &#8211; spiega &#8211; Certo molti non hanno storia e cultura e non si rendono conto che le parole d\u2019ordine in questo mondo sono la solidariet\u00e0 e l\u2019autosufficienza, quelle che ti permettono di riportare a casa lo zaino&#8230; In montagna non valgono le regole della citt\u00e0 dove di solito deleghiamo. In montagna su sicurezza e soccorso dobbiamo rispondere in prima persona. Se le cose si mettono male non \u00e8 che si pu\u00f2 alzare un braccio e fermare tutto\u00bb. Ma un conto \u00e8 l\u2019alpinismo, dove il pericolo quando si \u00e8 appesi a una parete \u00e8 evidente, reale. \u00abIl problema \u00e8 che oggi la montagna non \u00e8 solo l\u2019alpinismo &#8211; spiega Previtali &#8211; \u00c9 diventata trail, mountainbike, running, ciaspolate dove apparentemente il pericolo non c\u2019\u00e8 e invece esiste eccome&#8230; Una volta quando si cominciava a spiegare i rischi c\u2019erano i corsi del Cai, un amico esperto oppure ci si affidava alle guide. Oggi il mestiere della guida \u00e8 diventato difficilissimo, perch\u00e8 la montagna \u00e8 diventata tante cose insieme e per proteggere tutti servirebbe Batman&#8230;\u00bb<\/p><\/blockquote>\n","protected":false},"excerpt":{"rendered":"<p><p>\u00abI buffoni del Bianco sono ancora qui&#8230;\u00bb. Il Bianco \u00e8 il Monte Bianco e chi non usa mezze parole per raccontare chi sono i nuovi turisti della montagna \u00e8 Jean-Marc Peillex, sindaco della citt\u00e0 Saint-Gervais in Alta Savoia, punto di partenza della salita che dal rifugio Gouter porta agli oltre 4800 metri della cima. Peillex ama la polemica e non \u00e8 nuovo a queste uscite \u00abFerragostane\u00bb e gi\u00e0 l&#8217;anno scorso si era impuntato per cercare di vietare le salite a chi non era attrezzato di tutto punto senza pensare poi che uno pu\u00f2 essere attrezzato finch\u00e8 vuole ma se non [&hellip;]<\/p>\n&nbsp;&nbsp;<div class=\"readmore\"><a href=\"https:\/\/blog.ilgiornale.it\/ruzzo\/2018\/08\/19\/i-buffoni-del-monte-bianco\/\">Continua a leggere...<\/a><\/div><\/p>","protected":false},"author":956,"featured_media":0,"comment_status":"open","ping_status":"closed","sticky":false,"template":"","format":"standard","meta":[],"categories":[1],"tags":[],"_links":{"self":[{"href":"https:\/\/blog.ilgiornale.it\/ruzzo\/wp-json\/wp\/v2\/posts\/24732"}],"collection":[{"href":"https:\/\/blog.ilgiornale.it\/ruzzo\/wp-json\/wp\/v2\/posts"}],"about":[{"href":"https:\/\/blog.ilgiornale.it\/ruzzo\/wp-json\/wp\/v2\/types\/post"}],"author":[{"embeddable":true,"href":"https:\/\/blog.ilgiornale.it\/ruzzo\/wp-json\/wp\/v2\/users\/956"}],"replies":[{"embeddable":true,"href":"https:\/\/blog.ilgiornale.it\/ruzzo\/wp-json\/wp\/v2\/comments?post=24732"}],"version-history":[{"count":1,"href":"https:\/\/blog.ilgiornale.it\/ruzzo\/wp-json\/wp\/v2\/posts\/24732\/revisions"}],"predecessor-version":[{"id":24734,"href":"https:\/\/blog.ilgiornale.it\/ruzzo\/wp-json\/wp\/v2\/posts\/24732\/revisions\/24734"}],"wp:attachment":[{"href":"https:\/\/blog.ilgiornale.it\/ruzzo\/wp-json\/wp\/v2\/media?parent=24732"}],"wp:term":[{"taxonomy":"category","embeddable":true,"href":"https:\/\/blog.ilgiornale.it\/ruzzo\/wp-json\/wp\/v2\/categories?post=24732"},{"taxonomy":"post_tag","embeddable":true,"href":"https:\/\/blog.ilgiornale.it\/ruzzo\/wp-json\/wp\/v2\/tags?post=24732"}],"curies":[{"name":"wp","href":"https:\/\/api.w.org\/{rel}","templated":true}]}}