{"id":25011,"date":"2018-10-11T17:33:59","date_gmt":"2018-10-11T15:33:59","guid":{"rendered":"https:\/\/blog.ilgiornale.it\/ruzzo\/?p=25011"},"modified":"2018-10-11T17:34:16","modified_gmt":"2018-10-11T15:34:16","slug":"bettini-alla-vigorelli-ghisallo-ce-la-mia-storia","status":"publish","type":"post","link":"https:\/\/blog.ilgiornale.it\/ruzzo\/2018\/10\/11\/bettini-alla-vigorelli-ghisallo-ce-la-mia-storia\/","title":{"rendered":"Bettini alla Vigorelli-Ghisallo: &#8220;C&#8217;\u00e8 la mia storia&#8230;&#8221;"},"content":{"rendered":"<p><strong><a href=\"https:\/\/blog.ilgiornale.it\/ruzzo\/files\/2018\/10\/bet2.jpg\"><img loading=\"lazy\" class=\"alignleft size-medium wp-image-25012\" src=\"https:\/\/blog.ilgiornale.it\/ruzzo\/files\/2018\/10\/bet2-300x281.jpg\" alt=\"bet2\" width=\"300\" height=\"281\" srcset=\"https:\/\/blog.ilgiornale.it\/ruzzo\/files\/2018\/10\/bet2-300x281.jpg 300w, https:\/\/blog.ilgiornale.it\/ruzzo\/files\/2018\/10\/bet2.jpg 756w\" sizes=\"(max-width: 300px) 100vw, 300px\" \/><\/a>\u00abDue monumenti del ciclismo come il Vigorelli e il Ghisallo<\/strong> che domenica 28 ottobre uniremo pedalando&#8230; Io conosco meglio il Ghisallo per motivi legati alla mia carriera ma, anche se non ho mai avuto la fortuna di pedalarci, sono affascinato dalla storia del Vigorelli, un monumento che \u00e8 tornato a vivere e ora va protetto. Spero tra due domeniche di poterci fare almeno un giro, per me sar\u00e0 un onore&#8230;\u00bb.<\/p>\n<p><strong>Paolo Bettini la maglia olimpica e quella di campione del mondo<\/strong> le ha cucite nell&#8217;anima. Sta sullo sgabello dell&#8217;Upcycle caf\u00e8 di via Ampere e sembra si stia preparando per uno scatto, un allungo da finisseur di quelli che gli hanno permesso di scrivere la storia di uno sport in cui ha certamente lasciato il segno. Per\u00f2 parla della sua vita ciclistica come se fosse quella di un normalissimo amatore e annuncia che domenica 28 ottobre, nel giorno dell&#8217;84\u00b0 compleanno del Velodromo Vigorelli, pedaler\u00e0 verso il Museo del Ghisallo nella 4 edizione della Vigorelli-Ghisallo, la pedalata aperta a tutti che in questi anni sta raccogliendo sempre pi\u00f9 appassionati. \u00ab\u00c8 una sfida non agonistica a cui possono partecipare tutti, amatori, famiglie e anche quelli pi\u00f9 allenati se per\u00f2 vanno piano &#8211; spiega subito il Grillo &#8211; E la parola non agonistica pi\u00f9 passano gli anni pi\u00f9 mi piace&#8221;.<\/p>\n<p><strong>&#8220;Da quando non gareggio pi\u00f9 ho riscoperto la bicicletta<\/strong> come il mezzo incredibile che \u00e8- continua- che ti permette di divertirti, di muoverti, di star bene. Torno in questi giorni da Amsterdam e io nel Nord ci sono stato sempre per le gare, ho sempre corso le classiche da quelle parti. Ora ho imparato ad apprezzare che un citt\u00e0 si pu\u00f2 girare in bici per conoscerla, per guardarsi intorno. Da quelle parti in bici si fa cultura&#8230;\u00bb. Da noi si sta cominciando e la Vigorelli-Ghisallo \u00e8 un piccola tessera nella costruzione di quel mosaico che vede la bici al centro. Il Ghisallo \u00e8 la salita di tutti quelli che pedalano. Perch\u00e9 in cima c&#8217;\u00e8 una chiesetta che \u00e8 diventata un simbolo e perch\u00e9 il Museo \u00e8 la met\u00e0 perfetta per chi ama la bici. Il tratto pi\u00f9 duro \u00e8 all&#8217;inizio, un paio di chilometri tosti fino Mulini del Perlo.<\/p>\n<p><strong>Talmente duri che il resto sembra una passeggiata<\/strong> anche se le pendenze sfiorano il 10 per cento. Il Vigorelli \u00e8 il Vigorelli e non ha bisogno di presentazioni anche perch\u00e9 la \u00abmagica pista\u00bb \u00e8 tornata a splendere e ora ci si pu\u00f2 pedalare. Logico quindi come dice Bettini tenerli insieme pedalando. La quarta edizione della Vigorelli-Ghisallo sono due percorsi da 70 e 90 chilometri a seconda della voglia di fatica che uno ha. Settanta o Novanta chilometri tra le colline brianzole per arrivare fin sulle porte di un Museo che in dodici anni \u00e8 diventato lo scrigno di una storia che continua, dove si sar\u00e0 offerto il pranzo ai partecipanti e dove si potr\u00e0 visitare la mostra dedicata a Paolo Bettini che ripercorre tutta la sua storia.<\/p>\n<p><strong>Bettini che proprio passando dal Ghisallo<\/strong> ha conquistato per due volte il Giro di Lombardia, due perle di una carriera ricca di trionfi: un oro olimpico, due maglie iridate, due Liegi-Bastogne-Liegi, una Milano-Sanremo: \u00abIo il Ghisallo me lo ricordo ancora quando il museo non c&#8217;era e c&#8217;era solo la chiesetta &#8211; ricorda &#8211; Ci andavano in pellegrinaggio per donare una maglia, un ricordo, qualsiasi cosa. La mostra su di me al Museo? C&#8217;\u00e8 tutta la mia vita l\u00ec. Quando ho visto il furgone con tutte le mie cose dentro che usciva dal portone di casa mi \u00e8 venuto il magone&#8230;\u00bb.<\/p>\n","protected":false},"excerpt":{"rendered":"<p><p>\u00abDue monumenti del ciclismo come il Vigorelli e il Ghisallo che domenica 28 ottobre uniremo pedalando&#8230; Io conosco meglio il Ghisallo per motivi legati alla mia carriera ma, anche se non ho mai avuto la fortuna di pedalarci, sono affascinato dalla storia del Vigorelli, un monumento che \u00e8 tornato a vivere e ora va protetto. Spero tra due domeniche di poterci fare almeno un giro, per me sar\u00e0 un onore&#8230;\u00bb. Paolo Bettini la maglia olimpica e quella di campione del mondo le ha cucite nell&#8217;anima. Sta sullo sgabello dell&#8217;Upcycle caf\u00e8 di via Ampere e sembra si stia preparando per uno [&hellip;]<\/p>\n&nbsp;&nbsp;<div class=\"readmore\"><a href=\"https:\/\/blog.ilgiornale.it\/ruzzo\/2018\/10\/11\/bettini-alla-vigorelli-ghisallo-ce-la-mia-storia\/\">Continua a leggere...<\/a><\/div><\/p>","protected":false},"author":956,"featured_media":0,"comment_status":"open","ping_status":"closed","sticky":false,"template":"","format":"standard","meta":[],"categories":[1],"tags":[],"_links":{"self":[{"href":"https:\/\/blog.ilgiornale.it\/ruzzo\/wp-json\/wp\/v2\/posts\/25011"}],"collection":[{"href":"https:\/\/blog.ilgiornale.it\/ruzzo\/wp-json\/wp\/v2\/posts"}],"about":[{"href":"https:\/\/blog.ilgiornale.it\/ruzzo\/wp-json\/wp\/v2\/types\/post"}],"author":[{"embeddable":true,"href":"https:\/\/blog.ilgiornale.it\/ruzzo\/wp-json\/wp\/v2\/users\/956"}],"replies":[{"embeddable":true,"href":"https:\/\/blog.ilgiornale.it\/ruzzo\/wp-json\/wp\/v2\/comments?post=25011"}],"version-history":[{"count":1,"href":"https:\/\/blog.ilgiornale.it\/ruzzo\/wp-json\/wp\/v2\/posts\/25011\/revisions"}],"predecessor-version":[{"id":25016,"href":"https:\/\/blog.ilgiornale.it\/ruzzo\/wp-json\/wp\/v2\/posts\/25011\/revisions\/25016"}],"wp:attachment":[{"href":"https:\/\/blog.ilgiornale.it\/ruzzo\/wp-json\/wp\/v2\/media?parent=25011"}],"wp:term":[{"taxonomy":"category","embeddable":true,"href":"https:\/\/blog.ilgiornale.it\/ruzzo\/wp-json\/wp\/v2\/categories?post=25011"},{"taxonomy":"post_tag","embeddable":true,"href":"https:\/\/blog.ilgiornale.it\/ruzzo\/wp-json\/wp\/v2\/tags?post=25011"}],"curies":[{"name":"wp","href":"https:\/\/api.w.org\/{rel}","templated":true}]}}