{"id":25049,"date":"2018-10-17T17:04:25","date_gmt":"2018-10-17T15:04:25","guid":{"rendered":"https:\/\/blog.ilgiornale.it\/ruzzo\/?p=25049"},"modified":"2018-10-17T17:04:25","modified_gmt":"2018-10-17T15:04:25","slug":"milano-marathon-punta-ai-10mila-iscritti","status":"publish","type":"post","link":"https:\/\/blog.ilgiornale.it\/ruzzo\/2018\/10\/17\/milano-marathon-punta-ai-10mila-iscritti\/","title":{"rendered":"Milano marathon punta ai 10mila iscritti"},"content":{"rendered":"<p><a href=\"https:\/\/blog.ilgiornale.it\/ruzzo\/files\/2018\/10\/marat.jpg\"><img loading=\"lazy\" class=\"alignleft size-medium wp-image-25050\" src=\"https:\/\/blog.ilgiornale.it\/ruzzo\/files\/2018\/10\/marat-300x232.jpg\" alt=\"marat\" width=\"300\" height=\"232\" srcset=\"https:\/\/blog.ilgiornale.it\/ruzzo\/files\/2018\/10\/marat-300x232.jpg 300w, https:\/\/blog.ilgiornale.it\/ruzzo\/files\/2018\/10\/marat-1024x793.jpg 1024w, https:\/\/blog.ilgiornale.it\/ruzzo\/files\/2018\/10\/marat.jpg 1054w\" sizes=\"(max-width: 300px) 100vw, 300px\" \/><\/a>Diciannove edizioni non sono poche: tre piani in pi\u00f9 del 16mo della Torre Generali che domina City Life, il nuovo cuore di Milano, dove questa mattina \u00e8 stata presentata in grande stile la nuova <strong>Milano Marathon<\/strong>. &#8220;Arrivo da Madrid ma ci tenevo ad essere qui perch\u00e8 questo \u00e8 un evento che per noi davvero\u00a0importante- ha spiegato il presidente di Rcs<strong> Urbano Cairo<\/strong>&#8211; Siamo molto felici che la crescita sia continua, noi\u00a0puntiamo molto sullo sport e siamo convinti di quanto sia\u00a0fondamentale per far crescere i ragazzi, le persone ma anche un po&#8217; il Paese&#8221;.\u00a0 Cos\u00ec dopo il Festival dello sport di Trento tocca alla maratona di Milano finire in vetrina. Con l&#8217; asticella che si alza ancora un po&#8217; e sollecita gli scongiuri al direttore <strong>Andrea Trabuio<\/strong> che cuce e ricuce una sfida che tra le sue mani \u00e8 diventata ci\u00f2 che \u00e8 diventata: &#8220;In questi anni abbiamo fatto un grande lavoro- spiega- Ma dietro\u00a0c&#8217;\u00e8 la mano e l&#8217;aiuto di molti. Quella di Milano deve diventare un\u00a0evento consolidato e importante a livello internazionale, e in questo\u00a0la Milano Running Week potr\u00e0 svolgere un ruolo molto importante&#8221;. La novit\u00e0 \u00e8 tutta qui. Una settimana del running organizzata in Fiera dove ci saranno, eventi, dibattiti, incontri e momenti di confronto per l&#8217;atletica italiana che culminer\u00e0 la domenica con il via della 42 chilometri. Una scommessa ma anche un nuovo modo di pensare un evento sportivo che non vive di una sola giornata. Per il resto la maratona di Milano va nelle direzione degli ultimi anni. Si punta sui top runner confermare la tradizione della maratona italiana pi\u00f9 veloce,\u00a0 si punta sulle staffette per continuare quel discorso di charity che lo scorso anno ha portato con le onlus a raccogliere quasi un milione di euro e si punta sulla school marathon per promuovere la corsa e lo sport tra i ragazzi e nelle scuole.\u00a0 &#8220;Lo scorso anno al via c&#8217;erano\u00a07mila atleti- spiega l&#8217;Ad di Rcs <strong>Paolo Bellino<\/strong>&#8211;\u00a0 e quest&#8217;anno\u00a0 l&#8217;obbiettivo \u00e8 non solo quello di confermarsi ma di migliorare e raggiungere\u00a0i 10mila iscritti. Lo merita Milano, che \u00e8 da sempre un citt\u00e0 importante. Speriamo anche di poter attrarre molti atleti internazionali, per fare della nostra\u00a0 maratona un evento globale simile a quelle di altri citt\u00e0 europee, come ad esempio Berlino&#8221;. La partenza da Porta venezia il\u00a0 7 aprile alle nove in punto, alla stessa ora in cui partir\u00e0 anche la maratona di Roma. Sembra una follia: \u00e8 infatti lo \u00e8&#8230;<\/p>\n","protected":false},"excerpt":{"rendered":"<p><p>Diciannove edizioni non sono poche: tre piani in pi\u00f9 del 16mo della Torre Generali che domina City Life, il nuovo cuore di Milano, dove questa mattina \u00e8 stata presentata in grande stile la nuova Milano Marathon. &#8220;Arrivo da Madrid ma ci tenevo ad essere qui perch\u00e8 questo \u00e8 un evento che per noi davvero\u00a0importante- ha spiegato il presidente di Rcs Urbano Cairo&#8211; Siamo molto felici che la crescita sia continua, noi\u00a0puntiamo molto sullo sport e siamo convinti di quanto sia\u00a0fondamentale per far crescere i ragazzi, le persone ma anche un po&#8217; il Paese&#8221;.\u00a0 Cos\u00ec dopo il Festival dello sport di [&hellip;]<\/p>\n&nbsp;&nbsp;<div class=\"readmore\"><a href=\"https:\/\/blog.ilgiornale.it\/ruzzo\/2018\/10\/17\/milano-marathon-punta-ai-10mila-iscritti\/\">Continua a leggere...<\/a><\/div><\/p>","protected":false},"author":956,"featured_media":0,"comment_status":"open","ping_status":"closed","sticky":false,"template":"","format":"standard","meta":[],"categories":[1],"tags":[],"_links":{"self":[{"href":"https:\/\/blog.ilgiornale.it\/ruzzo\/wp-json\/wp\/v2\/posts\/25049"}],"collection":[{"href":"https:\/\/blog.ilgiornale.it\/ruzzo\/wp-json\/wp\/v2\/posts"}],"about":[{"href":"https:\/\/blog.ilgiornale.it\/ruzzo\/wp-json\/wp\/v2\/types\/post"}],"author":[{"embeddable":true,"href":"https:\/\/blog.ilgiornale.it\/ruzzo\/wp-json\/wp\/v2\/users\/956"}],"replies":[{"embeddable":true,"href":"https:\/\/blog.ilgiornale.it\/ruzzo\/wp-json\/wp\/v2\/comments?post=25049"}],"version-history":[{"count":1,"href":"https:\/\/blog.ilgiornale.it\/ruzzo\/wp-json\/wp\/v2\/posts\/25049\/revisions"}],"predecessor-version":[{"id":25051,"href":"https:\/\/blog.ilgiornale.it\/ruzzo\/wp-json\/wp\/v2\/posts\/25049\/revisions\/25051"}],"wp:attachment":[{"href":"https:\/\/blog.ilgiornale.it\/ruzzo\/wp-json\/wp\/v2\/media?parent=25049"}],"wp:term":[{"taxonomy":"category","embeddable":true,"href":"https:\/\/blog.ilgiornale.it\/ruzzo\/wp-json\/wp\/v2\/categories?post=25049"},{"taxonomy":"post_tag","embeddable":true,"href":"https:\/\/blog.ilgiornale.it\/ruzzo\/wp-json\/wp\/v2\/tags?post=25049"}],"curies":[{"name":"wp","href":"https:\/\/api.w.org\/{rel}","templated":true}]}}