{"id":25061,"date":"2018-10-19T20:57:58","date_gmt":"2018-10-19T18:57:58","guid":{"rendered":"https:\/\/blog.ilgiornale.it\/ruzzo\/?p=25061"},"modified":"2018-10-19T20:57:58","modified_gmt":"2018-10-19T18:57:58","slug":"ganna-al-team-sky-pensando-a-tokyo","status":"publish","type":"post","link":"https:\/\/blog.ilgiornale.it\/ruzzo\/2018\/10\/19\/ganna-al-team-sky-pensando-a-tokyo\/","title":{"rendered":"Ganna al Team Sky pensando a Tokyo"},"content":{"rendered":"<p><a href=\"https:\/\/blog.ilgiornale.it\/ruzzo\/files\/2018\/10\/gan.jpg\"><img loading=\"lazy\" class=\"alignright size-medium wp-image-25062\" src=\"https:\/\/blog.ilgiornale.it\/ruzzo\/files\/2018\/10\/gan-300x257.jpg\" alt=\"gan\" width=\"300\" height=\"257\" srcset=\"https:\/\/blog.ilgiornale.it\/ruzzo\/files\/2018\/10\/gan-300x257.jpg 300w, https:\/\/blog.ilgiornale.it\/ruzzo\/files\/2018\/10\/gan.jpg 987w\" sizes=\"(max-width: 300px) 100vw, 300px\" \/><\/a>Agli ordini di sua maest\u00e0 con il chiodo fisso di un oro olimpico.\u00a0 <strong>Filippo Ganna,<\/strong> 22 anni\u00a0 di Verbania, astro nascente ( anzi astro ormai nato) del ciclismo azzurro,\u00a0 uno dei migliori passisti in circolazione, correr\u00e0 l\u2019anno prossimo per il <strong>Team Sky<\/strong> di Chris Froome e Geraint Thomas. Lo ha annunciato lo stesso team inglese in una nota.\u00a0\u00a0<span style=\"color: #000000\">Ganna<\/span>\u00a0che ha vinto due volte il titolo Mondiale di inseguimento individuale su pista (2016 e 2018) e la Parigi-Roubaix under 23 lascia dopo due stagioni la Uae Emirates: \u00abPer me \u00e8 un sogno- ha spiegato l&#8217;azzurro- Siamo tutti abituati a vederli vincere, \u00e8 un team \u00e8 davvero impressionante nell&#8217; approccio alle prove contro il tempo e questa \u00e8 una specialit\u00e0 che penso di poter sviluppare. Ma oltre alle gare di un giorno spero di progredire anche in quelle a tappe\u00bb. E&#8217; il\u00a0terzo nuovo acquisto del Team Sky dopo l\u2019irlandese <strong>Eddie Dunbar<\/strong> e l\u2019ecuadoriano <strong>Jhonatan Narvaez<\/strong>.\u00a0 <strong>Dario Cioni<\/strong>, Coach del Team Sky, spiega: \u00abFilippo \u00e8 un corridore che da Under 23 ha vinto la Paris-Roubaix ed ha al suo attivo titoli mondiali ed europei in pista, \u00e8 un grande talento che deve ancora crescere su strada e sono convinto che la nostra squadra sia l\u2019ideale per rincorrere questi obiettivi\u00bb. Una scelta ponderata a lungo e pianificata, presa dopo aver<strong>\u00a0<\/strong>aver discusso un dettagliato programma di crescita e di gara. Con il suo manager <strong>Giovanni Lombardi<\/strong> sarebbero gi\u00e0 stati infatti chiariti e ben fissati gli\u00a0obiettivi dei prossimi anni tra cui spiccano l\u2019oro col quartetto alle Olimpiadi di Tokyo 2020 e il Mondiale a cronometro. E il Team Sky \u00e8 una squadra che, come \u00e8 successo a <strong>Elia Viviani<\/strong> che vinse l\u2019oro nell\u2019omnium a Rio nel 2016,\u00a0 in questo senso d\u00e0 assolute garanzie.<\/p>\n","protected":false},"excerpt":{"rendered":"<p><p>Agli ordini di sua maest\u00e0 con il chiodo fisso di un oro olimpico.\u00a0 Filippo Ganna, 22 anni\u00a0 di Verbania, astro nascente ( anzi astro ormai nato) del ciclismo azzurro,\u00a0 uno dei migliori passisti in circolazione, correr\u00e0 l\u2019anno prossimo per il Team Sky di Chris Froome e Geraint Thomas. Lo ha annunciato lo stesso team inglese in una nota.\u00a0\u00a0Ganna\u00a0che ha vinto due volte il titolo Mondiale di inseguimento individuale su pista (2016 e 2018) e la Parigi-Roubaix under 23 lascia dopo due stagioni la Uae Emirates: \u00abPer me \u00e8 un sogno- ha spiegato l&#8217;azzurro- Siamo tutti abituati a vederli vincere, \u00e8 [&hellip;]<\/p>\n&nbsp;&nbsp;<div class=\"readmore\"><a href=\"https:\/\/blog.ilgiornale.it\/ruzzo\/2018\/10\/19\/ganna-al-team-sky-pensando-a-tokyo\/\">Continua a leggere...<\/a><\/div><\/p>","protected":false},"author":956,"featured_media":0,"comment_status":"open","ping_status":"closed","sticky":false,"template":"","format":"standard","meta":[],"categories":[1],"tags":[],"_links":{"self":[{"href":"https:\/\/blog.ilgiornale.it\/ruzzo\/wp-json\/wp\/v2\/posts\/25061"}],"collection":[{"href":"https:\/\/blog.ilgiornale.it\/ruzzo\/wp-json\/wp\/v2\/posts"}],"about":[{"href":"https:\/\/blog.ilgiornale.it\/ruzzo\/wp-json\/wp\/v2\/types\/post"}],"author":[{"embeddable":true,"href":"https:\/\/blog.ilgiornale.it\/ruzzo\/wp-json\/wp\/v2\/users\/956"}],"replies":[{"embeddable":true,"href":"https:\/\/blog.ilgiornale.it\/ruzzo\/wp-json\/wp\/v2\/comments?post=25061"}],"version-history":[{"count":1,"href":"https:\/\/blog.ilgiornale.it\/ruzzo\/wp-json\/wp\/v2\/posts\/25061\/revisions"}],"predecessor-version":[{"id":25063,"href":"https:\/\/blog.ilgiornale.it\/ruzzo\/wp-json\/wp\/v2\/posts\/25061\/revisions\/25063"}],"wp:attachment":[{"href":"https:\/\/blog.ilgiornale.it\/ruzzo\/wp-json\/wp\/v2\/media?parent=25061"}],"wp:term":[{"taxonomy":"category","embeddable":true,"href":"https:\/\/blog.ilgiornale.it\/ruzzo\/wp-json\/wp\/v2\/categories?post=25061"},{"taxonomy":"post_tag","embeddable":true,"href":"https:\/\/blog.ilgiornale.it\/ruzzo\/wp-json\/wp\/v2\/tags?post=25061"}],"curies":[{"name":"wp","href":"https:\/\/api.w.org\/{rel}","templated":true}]}}