{"id":25067,"date":"2018-10-21T21:15:06","date_gmt":"2018-10-21T19:15:06","guid":{"rendered":"https:\/\/blog.ilgiornale.it\/ruzzo\/?p=25067"},"modified":"2018-10-21T21:15:27","modified_gmt":"2018-10-21T19:15:27","slug":"luniversita-della-corsa","status":"publish","type":"post","link":"https:\/\/blog.ilgiornale.it\/ruzzo\/2018\/10\/21\/luniversita-della-corsa\/","title":{"rendered":"CorriBicocca, l&#8217;universit\u00e0 della corsa"},"content":{"rendered":"<p><a href=\"https:\/\/blog.ilgiornale.it\/ruzzo\/files\/2018\/10\/bic.jpg\"><img loading=\"lazy\" class=\"alignleft size-medium wp-image-25068\" src=\"https:\/\/blog.ilgiornale.it\/ruzzo\/files\/2018\/10\/bic-300x300.jpg\" alt=\"bic\" width=\"300\" height=\"300\" srcset=\"https:\/\/blog.ilgiornale.it\/ruzzo\/files\/2018\/10\/bic-300x300.jpg 300w, https:\/\/blog.ilgiornale.it\/ruzzo\/files\/2018\/10\/bic-150x150.jpg 150w, https:\/\/blog.ilgiornale.it\/ruzzo\/files\/2018\/10\/bic.jpg 960w\" sizes=\"(max-width: 300px) 100vw, 300px\" \/><\/a>Cos&#8217;\u00e8 la corsa? Pi\u00f9 o meno tutto perch\u00e8 alla fine ognuno trova un giusto motivo per correre. Ma cos&#8217;\u00e8 pu\u00f2 diventare la corsa in una grande citt\u00e0 lo ha spiegato benissimo\u00a0 stamattina\u00a0<strong>Cristina Messa<\/strong>, rettore dell&#8217;<strong>Universit\u00e0 Bicocca<\/strong> che proprio oggi festeggiava i vent&#8217;anni delle sua nascita con una garetta da cinque e dieci chilometri aperta a tutti intorno al campus: &#8220;La corsa \u00e8 una festa che riesce a coinvolgere tutti- ha detto- Noi stiamo dedicando moltissimo tempo allo sport e questo \u00e8 un segno molto positivo che fa bene a tutti quanti. Io non faccio la competitiva ma cammino molto volentieri. Questo \u00e8 il\u00a0 quartiere in cui lavoro e dunque mi fa piacere andare in giro per le\u00a0 nostre strade&#8221;.\u00a0 Festa, socialit\u00e0, scoperta, benessere, allegria nella corsa ci sta tutto e il\u00a0 duemila al via della &#8220;CorriBicocca&#8221; sono la somma di una bella mattinata di sport. Che poi c&#8217;\u00e8 anche chi fa sul serio e va veloce: il\u00a0primo a tagliare il traguardo \u00e8 stato infatti Ren\u00e8 Cuneaz, con un tempo di 31 minuti\u00a0e 19 secondi, la prima\u00a0 tra le donne Carlotta Missaglia in 37 minuti e 14\u00a0secondi. Il resto\u00a0\u00e8 nelle parole di <strong>Germano Lanzoni,<\/strong>\u00a0 attore teatrale, speaker del Milan ma soprattutto\u00a0 volto del &#8220;Milanese Imbruttito&#8221;: &#8221; CorriBicocca d\u00e0 il senso a questa Universit\u00e0- ha spiegato- Per ogni\u00a0 \u00e8 il periodo di studi e di vita pi\u00f9 spensierato \u00e8 un momento di grande corsa, la pi\u00f9 bella, perch\u00e9 dopo ogni cosa diventa\u00a0 carriera o profitto&#8230;&#8221;<\/p>\n","protected":false},"excerpt":{"rendered":"<p><p>Cos&#8217;\u00e8 la corsa? Pi\u00f9 o meno tutto perch\u00e8 alla fine ognuno trova un giusto motivo per correre. Ma cos&#8217;\u00e8 pu\u00f2 diventare la corsa in una grande citt\u00e0 lo ha spiegato benissimo\u00a0 stamattina\u00a0Cristina Messa, rettore dell&#8217;Universit\u00e0 Bicocca che proprio oggi festeggiava i vent&#8217;anni delle sua nascita con una garetta da cinque e dieci chilometri aperta a tutti intorno al campus: &#8220;La corsa \u00e8 una festa che riesce a coinvolgere tutti- ha detto- Noi stiamo dedicando moltissimo tempo allo sport e questo \u00e8 un segno molto positivo che fa bene a tutti quanti. Io non faccio la competitiva ma cammino molto volentieri. [&hellip;]<\/p>\n&nbsp;&nbsp;<div class=\"readmore\"><a href=\"https:\/\/blog.ilgiornale.it\/ruzzo\/2018\/10\/21\/luniversita-della-corsa\/\">Continua a leggere...<\/a><\/div><\/p>","protected":false},"author":956,"featured_media":0,"comment_status":"open","ping_status":"closed","sticky":false,"template":"","format":"standard","meta":[],"categories":[1],"tags":[],"_links":{"self":[{"href":"https:\/\/blog.ilgiornale.it\/ruzzo\/wp-json\/wp\/v2\/posts\/25067"}],"collection":[{"href":"https:\/\/blog.ilgiornale.it\/ruzzo\/wp-json\/wp\/v2\/posts"}],"about":[{"href":"https:\/\/blog.ilgiornale.it\/ruzzo\/wp-json\/wp\/v2\/types\/post"}],"author":[{"embeddable":true,"href":"https:\/\/blog.ilgiornale.it\/ruzzo\/wp-json\/wp\/v2\/users\/956"}],"replies":[{"embeddable":true,"href":"https:\/\/blog.ilgiornale.it\/ruzzo\/wp-json\/wp\/v2\/comments?post=25067"}],"version-history":[{"count":2,"href":"https:\/\/blog.ilgiornale.it\/ruzzo\/wp-json\/wp\/v2\/posts\/25067\/revisions"}],"predecessor-version":[{"id":25071,"href":"https:\/\/blog.ilgiornale.it\/ruzzo\/wp-json\/wp\/v2\/posts\/25067\/revisions\/25071"}],"wp:attachment":[{"href":"https:\/\/blog.ilgiornale.it\/ruzzo\/wp-json\/wp\/v2\/media?parent=25067"}],"wp:term":[{"taxonomy":"category","embeddable":true,"href":"https:\/\/blog.ilgiornale.it\/ruzzo\/wp-json\/wp\/v2\/categories?post=25067"},{"taxonomy":"post_tag","embeddable":true,"href":"https:\/\/blog.ilgiornale.it\/ruzzo\/wp-json\/wp\/v2\/tags?post=25067"}],"curies":[{"name":"wp","href":"https:\/\/api.w.org\/{rel}","templated":true}]}}