{"id":25096,"date":"2018-10-28T19:19:14","date_gmt":"2018-10-28T18:19:14","guid":{"rendered":"https:\/\/blog.ilgiornale.it\/ruzzo\/?p=25096"},"modified":"2018-10-28T19:36:34","modified_gmt":"2018-10-28T18:36:34","slug":"vigorelli-ghisallo-serviva-solo-un-po-di-coraggio","status":"publish","type":"post","link":"https:\/\/blog.ilgiornale.it\/ruzzo\/2018\/10\/28\/vigorelli-ghisallo-serviva-solo-un-po-di-coraggio\/","title":{"rendered":"Vigorelli-Ghisallo: serviva solo un po&#8217; di coraggio&#8230;"},"content":{"rendered":"\n\t\t<style type=\"text\/css\">\n\t\t\t#gallery-1 {\n\t\t\t\tmargin: auto;\n\t\t\t}\n\t\t\t#gallery-1 .gallery-item {\n\t\t\t\tfloat: left;\n\t\t\t\tmargin-top: 10px;\n\t\t\t\ttext-align: center;\n\t\t\t\twidth: 33%;\n\t\t\t}\n\t\t\t#gallery-1 img {\n\t\t\t\tborder: 2px solid #cfcfcf;\n\t\t\t}\n\t\t\t#gallery-1 .gallery-caption {\n\t\t\t\tmargin-left: 0;\n\t\t\t}\n\t\t\t\/* see gallery_shortcode() in wp-includes\/media.php *\/\n\t\t<\/style>\n\t\t<div id='gallery-1' class='gallery galleryid-25096 gallery-columns-3 gallery-size-thumbnail'><dl class='gallery-item'>\n\t\t\t<dt class='gallery-icon landscape'>\n\t\t\t\t<a href='https:\/\/blog.ilgiornale.it\/ruzzo\/2018\/10\/28\/vigorelli-ghisallo-serviva-solo-un-po-di-coraggio\/ghis1\/'><img width=\"150\" height=\"150\" src=\"https:\/\/blog.ilgiornale.it\/ruzzo\/files\/2018\/10\/ghis1-150x150.jpg\" class=\"attachment-thumbnail size-thumbnail\" alt=\"\" loading=\"lazy\" \/><\/a>\n\t\t\t<\/dt><\/dl><dl class='gallery-item'>\n\t\t\t<dt class='gallery-icon landscape'>\n\t\t\t\t<a href='https:\/\/blog.ilgiornale.it\/ruzzo\/2018\/10\/28\/vigorelli-ghisallo-serviva-solo-un-po-di-coraggio\/ghis2\/'><img width=\"150\" height=\"150\" src=\"https:\/\/blog.ilgiornale.it\/ruzzo\/files\/2018\/10\/ghis2-150x150.jpg\" class=\"attachment-thumbnail size-thumbnail\" alt=\"\" loading=\"lazy\" \/><\/a>\n\t\t\t<\/dt><\/dl><dl class='gallery-item'>\n\t\t\t<dt class='gallery-icon portrait'>\n\t\t\t\t<a href='https:\/\/blog.ilgiornale.it\/ruzzo\/2018\/10\/28\/vigorelli-ghisallo-serviva-solo-un-po-di-coraggio\/ghi-6\/'><img width=\"150\" height=\"150\" src=\"https:\/\/blog.ilgiornale.it\/ruzzo\/files\/2018\/10\/ghi2-150x150.jpg\" class=\"attachment-thumbnail size-thumbnail\" alt=\"\" loading=\"lazy\" \/><\/a>\n\t\t\t<\/dt><\/dl><br style=\"clear: both\" \/><dl class='gallery-item'>\n\t\t\t<dt class='gallery-icon landscape'>\n\t\t\t\t<a href='https:\/\/blog.ilgiornale.it\/ruzzo\/2018\/10\/28\/vigorelli-ghisallo-serviva-solo-un-po-di-coraggio\/ghis3\/'><img width=\"150\" height=\"150\" src=\"https:\/\/blog.ilgiornale.it\/ruzzo\/files\/2018\/10\/ghis3-150x150.jpg\" class=\"attachment-thumbnail size-thumbnail\" alt=\"\" loading=\"lazy\" \/><\/a>\n\t\t\t<\/dt><\/dl><dl class='gallery-item'>\n\t\t\t<dt class='gallery-icon landscape'>\n\t\t\t\t<a href='https:\/\/blog.ilgiornale.it\/ruzzo\/2018\/10\/28\/vigorelli-ghisallo-serviva-solo-un-po-di-coraggio\/ghis4\/'><img width=\"150\" height=\"150\" src=\"https:\/\/blog.ilgiornale.it\/ruzzo\/files\/2018\/10\/ghis4-150x150.jpg\" class=\"attachment-thumbnail size-thumbnail\" alt=\"\" loading=\"lazy\" \/><\/a>\n\t\t\t<\/dt><\/dl><dl class='gallery-item'>\n\t\t\t<dt class='gallery-icon landscape'>\n\t\t\t\t<a href='https:\/\/blog.ilgiornale.it\/ruzzo\/2018\/10\/28\/vigorelli-ghisallo-serviva-solo-un-po-di-coraggio\/ghis5\/'><img width=\"150\" height=\"150\" src=\"https:\/\/blog.ilgiornale.it\/ruzzo\/files\/2018\/10\/ghis5-150x150.jpg\" class=\"attachment-thumbnail size-thumbnail\" alt=\"\" loading=\"lazy\" \/><\/a>\n\t\t\t<\/dt><\/dl><br style=\"clear: both\" \/>\n\t\t<\/div>\n\n<p>Mettersi una mantellina e andare. Ci voleva solo un po&#8217; di coraggio. Che serve sempre per conquistarsi qualcosa, un premio, un&#8217;emozione, una salita o un traguardo. E oggi il traguardo era sul Ghisallo, meta di ciclisti coraggiosi. Che sono arrivati fin lass\u00f9 navigando a vista. Navigando dal Vigorelli al Museo di <strong>Fiorenzo Magni<\/strong> nella quarta edizione di una sfida che ricorderanno tutti, dal primo all&#8217;ultimo ognuno con la propria fatica, le foto, i brividi, i vestiti zuppi e gli occhiali appannati.\u00a0 Acqua ovunque che all&#8217;inizio sembra che non puoi farcela ma poi ti abitui e &#8220;ci stai dentro&#8230;&#8221; come dicono i ragazzi oggi. Acqua dal cielo, dalla strada, dalle gomme di chi ti sta davanti, dalle feritoie dei caschi, dalle ruote delle auto che ti passano accanto. Sempre, senza tregua, senza fine. Acqua che andava presa di petto perch\u00e8 in bici \u00e8 cos\u00ec, non ci sono altre vie d&#8217;uscita: bisogna solo decidersi. Acqua sui volti che sorridono, che imprecano, che strizzano gli occhi perch\u00e8 tutto quel gocciolare non lava del tutto il sudore del pedalare. Acqua sulle bici in carbonio, su quelle con le ruote grasse, coi i parafanghi, su ciclisti compresi e solidali nel bello di un gruppo che non ha nessuna voglia di andare in fuga. Acqua sulle facce famose di chi \u00e8 qui a dar lustro e dar l&#8217;esempio. Sulle medaglie olimpiche e mondiali di <strong>Paolo Bettini,<\/strong>\u00a0 sulla classe e sulla storia che avrebbe potuto raccontare <strong>Luca Paolini<\/strong>, sull&#8217;ammiraglia di <strong>Davide Bramati,<\/strong> sull&#8217;antivento giallo di <strong>Luca Guercilena<\/strong>, sulle mani grandi di <strong>Francesco Toldo<\/strong> quelle che\u00a0 ipnotizzarono gli olandesi e ci regalarono la finale di un Europeo: classe da vendere e non solo in campo. Acqua sul Vigorelli e sul Ghisallo. Sui dubbi e sulle paure di chi doveva decidere, di chi magari non ci ha dormito la notte, di chi ci ha messo l&#8217;anima per rendere tutto meno difficile, di chi ha fatto decine di caff\u00e8, preparato panini, brioche, un luogo caldo da offrire per asciugarsi e gioire. Acqua come se piovesse. Come se fosse scritto nel destino di una pedalata che mette insieme storia e patrimonio del nostro ciclismo. E alla fine come se nulla fosse. Perch\u00e8 poi \u00e8 sempre cos\u00ec: serviva coraggio per mettersi una mantellina e andare. Serve coraggio per non avere rimpianti.<\/p>\n","protected":false},"excerpt":{"rendered":"<p><p>Mettersi una mantellina e andare. Ci voleva solo un po&#8217; di coraggio. Che serve sempre per conquistarsi qualcosa, un premio, un&#8217;emozione, una salita o un traguardo. E oggi il traguardo era sul Ghisallo, meta di ciclisti coraggiosi. Che sono arrivati fin lass\u00f9 navigando a vista. Navigando dal Vigorelli al Museo di Fiorenzo Magni nella quarta edizione di una sfida che ricorderanno tutti, dal primo all&#8217;ultimo ognuno con la propria fatica, le foto, i brividi, i vestiti zuppi e gli occhiali appannati.\u00a0 Acqua ovunque che all&#8217;inizio sembra che non puoi farcela ma poi ti abitui e &#8220;ci stai dentro&#8230;&#8221; come dicono [&hellip;]<\/p>\n&nbsp;&nbsp;<div class=\"readmore\"><a href=\"https:\/\/blog.ilgiornale.it\/ruzzo\/2018\/10\/28\/vigorelli-ghisallo-serviva-solo-un-po-di-coraggio\/\">Continua a leggere...<\/a><\/div><\/p>","protected":false},"author":956,"featured_media":0,"comment_status":"open","ping_status":"closed","sticky":false,"template":"","format":"standard","meta":[],"categories":[1],"tags":[],"_links":{"self":[{"href":"https:\/\/blog.ilgiornale.it\/ruzzo\/wp-json\/wp\/v2\/posts\/25096"}],"collection":[{"href":"https:\/\/blog.ilgiornale.it\/ruzzo\/wp-json\/wp\/v2\/posts"}],"about":[{"href":"https:\/\/blog.ilgiornale.it\/ruzzo\/wp-json\/wp\/v2\/types\/post"}],"author":[{"embeddable":true,"href":"https:\/\/blog.ilgiornale.it\/ruzzo\/wp-json\/wp\/v2\/users\/956"}],"replies":[{"embeddable":true,"href":"https:\/\/blog.ilgiornale.it\/ruzzo\/wp-json\/wp\/v2\/comments?post=25096"}],"version-history":[{"count":4,"href":"https:\/\/blog.ilgiornale.it\/ruzzo\/wp-json\/wp\/v2\/posts\/25096\/revisions"}],"predecessor-version":[{"id":25107,"href":"https:\/\/blog.ilgiornale.it\/ruzzo\/wp-json\/wp\/v2\/posts\/25096\/revisions\/25107"}],"wp:attachment":[{"href":"https:\/\/blog.ilgiornale.it\/ruzzo\/wp-json\/wp\/v2\/media?parent=25096"}],"wp:term":[{"taxonomy":"category","embeddable":true,"href":"https:\/\/blog.ilgiornale.it\/ruzzo\/wp-json\/wp\/v2\/categories?post=25096"},{"taxonomy":"post_tag","embeddable":true,"href":"https:\/\/blog.ilgiornale.it\/ruzzo\/wp-json\/wp\/v2\/tags?post=25096"}],"curies":[{"name":"wp","href":"https:\/\/api.w.org\/{rel}","templated":true}]}}