{"id":25112,"date":"2018-10-30T12:44:41","date_gmt":"2018-10-30T11:44:41","guid":{"rendered":"https:\/\/blog.ilgiornale.it\/ruzzo\/?p=25112"},"modified":"2018-10-30T12:44:41","modified_gmt":"2018-10-30T11:44:41","slug":"miglietti-sfida-quattro-deserti","status":"publish","type":"post","link":"https:\/\/blog.ilgiornale.it\/ruzzo\/2018\/10\/30\/miglietti-sfida-quattro-deserti\/","title":{"rendered":"Miglietti sfida quattro deserti"},"content":{"rendered":"<p><strong><a href=\"https:\/\/blog.ilgiornale.it\/ruzzo\/files\/2018\/10\/migl.jpg\"><img loading=\"lazy\" class=\"alignleft size-medium wp-image-25113\" src=\"https:\/\/blog.ilgiornale.it\/ruzzo\/files\/2018\/10\/migl-206x300.jpg\" alt=\"migl\" width=\"206\" height=\"300\" srcset=\"https:\/\/blog.ilgiornale.it\/ruzzo\/files\/2018\/10\/migl-206x300.jpg 206w, https:\/\/blog.ilgiornale.it\/ruzzo\/files\/2018\/10\/migl.jpg 591w\" sizes=\"(max-width: 206px) 100vw, 206px\" \/><\/a>I tuareg che lo hanno seguito in tante sue avventure lo chiamano \u00abRajil Cra\u00bb l&#8217;uomo che corre.<\/strong> Ma Stefano Miglietti 52anni, bresciano, imprenditore, padre di tre figli \u00e8 l&#8217;uomo dei deserti anche se da sempre passa con disinvoltura dalle traversate sahariane a quelle nei ghiacci nei luoghi pi\u00f9 freddi del pianeta.\u00a0 Cos\u00ec dopo una pausa di sette anni, l&#8217;ultratleta bresciano si rimette in marcia, per realizzare un&#8217;impresa che finora non \u00e8 mai riuscita a nessuno: \u00abL&#8217;amore per i deserti \u00e8 una cosa che ritorna- ha spiegato pochi giorni fa presentando il suo progetto al Bianchi Caf\u00e8 a Milano- Ora cercher\u00f2 di mettere insieme e concatenare quattro deserti di sabbia, quello di Ezzahar, di Smar, di Chegaga e Lihoudi e gli altopiani rocciosi di Zguid e M&#8217;Hamid\u00bb.<\/p>\n<p><strong>Una sfida \u00abtosta\u00bb,\u00a0<\/strong>come sono quelle affrontate dal bresciano, ma nelle corde di un atleta seguito da sempre nella preparazione delle sue spedizioni dallo staff del dottor Gabriele Rosa. Questa volta dovr\u00e0 affrontare un ambiente arido, con un grande sbalzo termico notturno e una grande umidit\u00e0 in una zona una zone temuta anche dalle guide del luogo: \u00abProver\u00f2 a portare a termine questo percorso che \u00e8 di circa 550 chilometri in 5 o 6 giorni- spiega- anche se non sar\u00e0 facile soprattutto per la difficolt\u00e0 di affrontare le parti di tracciato rocciose\u00bb. Miglietti partir\u00e0 il 3 novembre dal villaggio di M&#8217;Hamid El Ghizlane, all&#8217;estremo sud-est del Marocco, al confine con l&#8217;Algeria.<\/p>\n<p><strong>Cambiano i deserti ma non la sostanza.<\/strong> Non \u00e8 nuovo infatti ad imprese estreme: nel 2003 ha percorso 160 chilometri sui ghiacci dell&#8217;Alaska nella \u00abSusitna 100\u00bb e nello stesso anno \u00e8 stato il primo uomo ad attraversare da solo il deserto del Murzuq, 380 chilometri e 12mila metri di dislivello percorsi in sei giorni. Poi la sfida al \u00abgrande mare di sabbia\u00bb dell&#8217;Egitto, oltre 500 km in uno dei deserti pi\u00f9 insidiosi dell&#8217;Africa dall&#8217;oasi di Farafra a quella di Siwa in completa autonomia. Un viaggio ai limiti, mai provato da nessuno seguendo le tracce di quell&#8217;armata di 50mila uomini guidata da Cambise che nel 523 a.c. scomparve inghiottita da una tempesta di sabbia. Miglietti nel 2011 ha percorso 421 chilometri non stop in 52 ore nella supermaratona del deserto del Sahara.<\/p>\n<p><strong>&#8220;Sono passati diversi anni dalla mia ultima spedizione<\/strong>&#8211; spiega- Dal punto di vista fisico ci pu\u00f2 essere qualche difficolt\u00e0 in pi\u00f9 ma avevo la voglia di alzare ancora una volta l&#8217;asticella\u00bb. Anche questa nuova sfida del supermaratoneta bresciano avr\u00e0 un risvolto benefico, a sostegno di un Percorso di riabilitazione che l&#8217;associazione Valtrompiacuore realizzer\u00e0 all&#8217;ospedale di Gardone Val Trompia e del progetto \u00abBella anche in ospedale\u00bb dell&#8217;associazione Esa.<\/p>\n","protected":false},"excerpt":{"rendered":"<p><p>I tuareg che lo hanno seguito in tante sue avventure lo chiamano \u00abRajil Cra\u00bb l&#8217;uomo che corre. Ma Stefano Miglietti 52anni, bresciano, imprenditore, padre di tre figli \u00e8 l&#8217;uomo dei deserti anche se da sempre passa con disinvoltura dalle traversate sahariane a quelle nei ghiacci nei luoghi pi\u00f9 freddi del pianeta.\u00a0 Cos\u00ec dopo una pausa di sette anni, l&#8217;ultratleta bresciano si rimette in marcia, per realizzare un&#8217;impresa che finora non \u00e8 mai riuscita a nessuno: \u00abL&#8217;amore per i deserti \u00e8 una cosa che ritorna- ha spiegato pochi giorni fa presentando il suo progetto al Bianchi Caf\u00e8 a Milano- Ora cercher\u00f2 [&hellip;]<\/p>\n&nbsp;&nbsp;<div class=\"readmore\"><a href=\"https:\/\/blog.ilgiornale.it\/ruzzo\/2018\/10\/30\/miglietti-sfida-quattro-deserti\/\">Continua a leggere...<\/a><\/div><\/p>","protected":false},"author":956,"featured_media":0,"comment_status":"open","ping_status":"closed","sticky":false,"template":"","format":"standard","meta":[],"categories":[1],"tags":[],"_links":{"self":[{"href":"https:\/\/blog.ilgiornale.it\/ruzzo\/wp-json\/wp\/v2\/posts\/25112"}],"collection":[{"href":"https:\/\/blog.ilgiornale.it\/ruzzo\/wp-json\/wp\/v2\/posts"}],"about":[{"href":"https:\/\/blog.ilgiornale.it\/ruzzo\/wp-json\/wp\/v2\/types\/post"}],"author":[{"embeddable":true,"href":"https:\/\/blog.ilgiornale.it\/ruzzo\/wp-json\/wp\/v2\/users\/956"}],"replies":[{"embeddable":true,"href":"https:\/\/blog.ilgiornale.it\/ruzzo\/wp-json\/wp\/v2\/comments?post=25112"}],"version-history":[{"count":1,"href":"https:\/\/blog.ilgiornale.it\/ruzzo\/wp-json\/wp\/v2\/posts\/25112\/revisions"}],"predecessor-version":[{"id":25114,"href":"https:\/\/blog.ilgiornale.it\/ruzzo\/wp-json\/wp\/v2\/posts\/25112\/revisions\/25114"}],"wp:attachment":[{"href":"https:\/\/blog.ilgiornale.it\/ruzzo\/wp-json\/wp\/v2\/media?parent=25112"}],"wp:term":[{"taxonomy":"category","embeddable":true,"href":"https:\/\/blog.ilgiornale.it\/ruzzo\/wp-json\/wp\/v2\/categories?post=25112"},{"taxonomy":"post_tag","embeddable":true,"href":"https:\/\/blog.ilgiornale.it\/ruzzo\/wp-json\/wp\/v2\/tags?post=25112"}],"curies":[{"name":"wp","href":"https:\/\/api.w.org\/{rel}","templated":true}]}}