{"id":25556,"date":"2019-02-01T17:18:06","date_gmt":"2019-02-01T16:18:06","guid":{"rendered":"https:\/\/blog.ilgiornale.it\/ruzzo\/?p=25556"},"modified":"2019-02-01T17:18:06","modified_gmt":"2019-02-01T16:18:06","slug":"diciotto-anni-di-premio-brera","status":"publish","type":"post","link":"https:\/\/blog.ilgiornale.it\/ruzzo\/2019\/02\/01\/diciotto-anni-di-premio-brera\/","title":{"rendered":"Diciotto anni di Premio Brera"},"content":{"rendered":"<p><strong><a href=\"https:\/\/blog.ilgiornale.it\/ruzzo\/files\/2019\/02\/bre.jpg\"><img loading=\"lazy\" class=\"alignleft size-medium wp-image-25557\" src=\"https:\/\/blog.ilgiornale.it\/ruzzo\/files\/2019\/02\/bre-300x285.jpg\" alt=\"bre\" width=\"300\" height=\"285\" srcset=\"https:\/\/blog.ilgiornale.it\/ruzzo\/files\/2019\/02\/bre-300x285.jpg 300w, https:\/\/blog.ilgiornale.it\/ruzzo\/files\/2019\/02\/bre.jpg 623w\" sizes=\"(max-width: 300px) 100vw, 300px\" \/><\/a>Il premio Gianni Brera<\/strong> consegnato agli sportivi dell&#8217;anno \u00e8 un rito che si rinnova. Da diciotto anni ormai. Diciotto anni di storia dello sport inteso, pensato, vissuto e scritto come solo un campione come \u00abGiuanfucarlo\u00bb poteva e sapeva. La grandezza di un giornalista, di uno scrittore si misura dai tentativi di imitazione e in questo senso Brera di copie pi\u00f9 o meno riuscite ne ha avute tante.<\/p>\n<p><strong>Ma la differenza \u00e8 che tra le sue mani<\/strong> la scrittura era materia viva, si trasformava in intuizioni, soprannomi, nuove parole che hanno raccontato lo sport come dovrebbe essere, come uno se lo immagina, adattando alla poesia di un gesto a quella di un racconto che \u00e8 poi diventato storia della letteratura. Con lui gli italiani hanno imparato a conoscere parole come melina, contropiede, libero, atipico, pretattica. Sudore, fatica, gambe e cuore erano aggettivi che nei suoi racconti di futbol non mancavano mai e che bisognava mettere sul campo. E infatti pi\u00f9 Riva che Rivera, pi\u00f9 Bearzot che Sacchi, pi\u00f9 mediani che mezzeali.\u00a0Brera sapeva cogliere magia ed essenza dello sport<strong>,<\/strong> il senso pi\u00f9 profondo, sapeva raccontare le emozioni andando oltre la cronaca. Tante nuove parole che sono diventate storia e che per una sera ritornano.<\/p>\n<p><strong>Tutto in una sera, quella del 4 febbraio alle 18,<\/strong> sul prestigioso palco del teatro dal Verme in una serata ideata dal Circolo culturale \u00abi Navigli\u00bb (oggi Circolo Navigli-Artisti e Patriottica) condotta come sempre dal giornalista Mediaset <strong>Mino Taveri.<\/strong> Saranno assegnati Trofei e riconoscimenti. Una ricca passerella di campioni che si sono distinti nel 2018. Dalle <strong>azzurre del Volley,<\/strong> vicecampioni del mondo a Yokohama, a <strong>Zlatko Dalic<\/strong> \u00abmister\u00bb della nazionale Croata che ai mondiali di Russia si \u00e8 arresa solo alla Francia e che verr\u00e0 salutato sul palco dal neo ad dell&#8217;Inter <strong>Beppe Marotta<\/strong> e con tutta probabilit\u00e0 dai due nerazzurri croati <strong>Ivan Perisic e Marcelo Brozovic<\/strong>. Riconoscimenti alla carriera per mitici campioni del pugilato <strong>Nino Benvenuti, Patrizio Oliva e Maurizio Stecca<\/strong> e anche al film \u00abScacco al tempo\u00bb di Nello Correale che racconta la vita di <strong>Francesco Moser<\/strong> e che sar\u00e0 premaito dalla neo primatista dell&#8217;ora <strong>Vittoria Bussi.<\/strong><\/p>\n<p>E ancora sul palco saliranno i <strong>pallonuotisti della Pro Recco<\/strong>, vincitori del tredicesimo scudetto consecutivo, <strong>Yohannes Chiappinelli<\/strong> bronzo europeo nei tremila siepi, <strong>Mara Navarria<\/strong> oro ai mondiali di spada, <strong>Simone Barlaam<\/strong> oro nei 50 e nei 100 metri stile libero ai mondiali di nuoto paralimpico, <strong>Cesare Barabino<\/strong> campione mondiale nella Vela under 17 e<strong> Ilaria Panzera<\/strong> giovanissima promessa del basket azzurro e l&#8217;importante Centro Pavesi di Milano. Per gli sport alla \u00abribalta\u00bb saranno premiati <strong>Benedetta Andreoli,<\/strong> campionessa di mountain trail e <strong>Andrea Occhini<\/strong> campione di motard. Per le grandi imprese <strong>Sabrina Peron,<\/strong> avvocato milanese, che nel nuoto di distanza in acque libere \u00e8 stata la prima donna italiana a concludere i 46 km in acqua circumnavigando l&#8217;isola di Manhattan.<\/p>\n","protected":false},"excerpt":{"rendered":"<p><p>Il premio Gianni Brera consegnato agli sportivi dell&#8217;anno \u00e8 un rito che si rinnova. Da diciotto anni ormai. Diciotto anni di storia dello sport inteso, pensato, vissuto e scritto come solo un campione come \u00abGiuanfucarlo\u00bb poteva e sapeva. La grandezza di un giornalista, di uno scrittore si misura dai tentativi di imitazione e in questo senso Brera di copie pi\u00f9 o meno riuscite ne ha avute tante. Ma la differenza \u00e8 che tra le sue mani la scrittura era materia viva, si trasformava in intuizioni, soprannomi, nuove parole che hanno raccontato lo sport come dovrebbe essere, come uno se lo [&hellip;]<\/p>\n&nbsp;&nbsp;<div class=\"readmore\"><a href=\"https:\/\/blog.ilgiornale.it\/ruzzo\/2019\/02\/01\/diciotto-anni-di-premio-brera\/\">Continua a leggere...<\/a><\/div><\/p>","protected":false},"author":956,"featured_media":0,"comment_status":"open","ping_status":"closed","sticky":false,"template":"","format":"standard","meta":[],"categories":[1],"tags":[],"_links":{"self":[{"href":"https:\/\/blog.ilgiornale.it\/ruzzo\/wp-json\/wp\/v2\/posts\/25556"}],"collection":[{"href":"https:\/\/blog.ilgiornale.it\/ruzzo\/wp-json\/wp\/v2\/posts"}],"about":[{"href":"https:\/\/blog.ilgiornale.it\/ruzzo\/wp-json\/wp\/v2\/types\/post"}],"author":[{"embeddable":true,"href":"https:\/\/blog.ilgiornale.it\/ruzzo\/wp-json\/wp\/v2\/users\/956"}],"replies":[{"embeddable":true,"href":"https:\/\/blog.ilgiornale.it\/ruzzo\/wp-json\/wp\/v2\/comments?post=25556"}],"version-history":[{"count":1,"href":"https:\/\/blog.ilgiornale.it\/ruzzo\/wp-json\/wp\/v2\/posts\/25556\/revisions"}],"predecessor-version":[{"id":25558,"href":"https:\/\/blog.ilgiornale.it\/ruzzo\/wp-json\/wp\/v2\/posts\/25556\/revisions\/25558"}],"wp:attachment":[{"href":"https:\/\/blog.ilgiornale.it\/ruzzo\/wp-json\/wp\/v2\/media?parent=25556"}],"wp:term":[{"taxonomy":"category","embeddable":true,"href":"https:\/\/blog.ilgiornale.it\/ruzzo\/wp-json\/wp\/v2\/categories?post=25556"},{"taxonomy":"post_tag","embeddable":true,"href":"https:\/\/blog.ilgiornale.it\/ruzzo\/wp-json\/wp\/v2\/tags?post=25556"}],"curies":[{"name":"wp","href":"https:\/\/api.w.org\/{rel}","templated":true}]}}