{"id":25585,"date":"2019-02-07T21:38:59","date_gmt":"2019-02-07T20:38:59","guid":{"rendered":"https:\/\/blog.ilgiornale.it\/ruzzo\/?p=25585"},"modified":"2019-02-07T21:39:39","modified_gmt":"2019-02-07T20:39:39","slug":"cinelli-lancia-lo-sprint-tra-gli-under-23","status":"publish","type":"post","link":"https:\/\/blog.ilgiornale.it\/ruzzo\/2019\/02\/07\/cinelli-lancia-lo-sprint-tra-gli-under-23\/","title":{"rendered":"Cinelli si alza sui pedali"},"content":{"rendered":"<p><a href=\"https:\/\/blog.ilgiornale.it\/ruzzo\/files\/2019\/02\/cin.jpg\"><img loading=\"lazy\" class=\"alignleft size-medium wp-image-25586\" src=\"https:\/\/blog.ilgiornale.it\/ruzzo\/files\/2019\/02\/cin-300x171.jpg\" alt=\"cin\" width=\"300\" height=\"171\" srcset=\"https:\/\/blog.ilgiornale.it\/ruzzo\/files\/2019\/02\/cin-300x171.jpg 300w, https:\/\/blog.ilgiornale.it\/ruzzo\/files\/2019\/02\/cin-1024x584.jpg 1024w, https:\/\/blog.ilgiornale.it\/ruzzo\/files\/2019\/02\/cin.jpg 1154w\" sizes=\"(max-width: 300px) 100vw, 300px\" \/><\/a>Tutto \u00e8 cominciato (ricominciato) con la \u00abmoda\u00bb che ha portato in Italia le bici usate dai bike messenger newiorchesi. Poi le prime gare un po\u2019 clandestine, i criterium notturni, le sfide veloci e stilose. Biciclette che girano nelle citt\u00e0, che fanno moda, trib\u00f9, che raccontano un mondo di \u00abfissati\u00bb. Ora per\u00f2 si torna a fare sul serio, ad alzarsi sui pedali per lanciare lo sprint: \u00abEcco il ritorno di <strong>Cinelli<\/strong> al grande ciclismo- annuncia con la giusta emozione il Presidente <strong>Antonio Colombo<\/strong>&#8211; E\u2019 la naturale evoluzione di anni di sforzi e ricerca, costantemente all\u2019avanguardia dei ciclismi altri, attenti a incanalare i segnali forti ma anche intercettare quelli deboli di un ciclismo che \u00e8 liquido e pervade gli ambiti pi\u00f9 diversi&#8230;\u00bb. Una filosofia delle due ruote che ha una vena artistica e che\u00a0 si traduce in gesti concreti: \u00abNegli ultimi 15 anni abbiamo intuito e supportato ciclismi alternativi, sempre presenti, piccoli ma poderosi, nei circuiti internazionali di scatto fisso e criterium- racconta Colombo- Quindi pi\u00f9 che di un ritorno possiamo dire che i vasi comunicanti del ciclismo moderno ci hanno condotto qui oggi\u00bb. E cos\u00ec dopo essere scesi in strada a fianco del <strong>Team Colpak di Beppe Colleoni<\/strong>\u00a0 con la licenza Continental, Cinelli lancia il suo team Under 23 con cui inizia ufficialmente la sua avventura. La presentazione \u00e8 andata in scena a Caleppio di Settala, proprio a casa Cinelli alla presenza del presidente federale<strong> Renato Di Rocco<\/strong>, del ct <strong>Marino Amadori<\/strong> e del presidente della Federazione italiana triathlon <strong>Luigi Bianchi<\/strong>. La squadra dilettanti nasce dall\u2019incontro tra il ligure Team Velo Val Fontanabuona e lo storico Team Fracor International ed \u00e8 composta da 15 atleti con 3 \u00e9lite e 12 under 23, di cui 4 del primo anno. I fari saranno sicuramente Santiago Buitrago e Matteo Rotondi, che hanno gi\u00e0 corso nella categoria Continental, ma la squadra punta molto anche sul rilancio di ragazzi come Victor Bykanov, Angeo Vitiello, Davide Italiani, Lorenzo Quartucci e Patrick Nastasi. \u00abGli atleti potranno contare sulle due versioni della Superstar Disc che vestir\u00e0 la livrea bianca \u201cWhite Noise\u201d in allenamento mentre per la competizione si accender\u00e0 della colorazione \u201cClear Blue Flame\u201d- spiega <strong>Fabrizio Aghito<\/strong>, responsabile del prodotto di Cinelli- Il telaio Superstar Disc, UCI approved, in monoscocca carbonio ad alto modulo, esprime il pi\u00f9 sapiente utilizzo del materiale unito al design privo di spigoli, che permette di sfruttare in toto dimensioni e continuit\u00e0 delle fibre dei fogli di carbonio\u00bb<\/p>\n","protected":false},"excerpt":{"rendered":"<p><p>Tutto \u00e8 cominciato (ricominciato) con la \u00abmoda\u00bb che ha portato in Italia le bici usate dai bike messenger newiorchesi. Poi le prime gare un po\u2019 clandestine, i criterium notturni, le sfide veloci e stilose. Biciclette che girano nelle citt\u00e0, che fanno moda, trib\u00f9, che raccontano un mondo di \u00abfissati\u00bb. Ora per\u00f2 si torna a fare sul serio, ad alzarsi sui pedali per lanciare lo sprint: \u00abEcco il ritorno di Cinelli al grande ciclismo- annuncia con la giusta emozione il Presidente Antonio Colombo&#8211; E\u2019 la naturale evoluzione di anni di sforzi e ricerca, costantemente all\u2019avanguardia dei ciclismi altri, attenti a incanalare [&hellip;]<\/p>\n&nbsp;&nbsp;<div class=\"readmore\"><a href=\"https:\/\/blog.ilgiornale.it\/ruzzo\/2019\/02\/07\/cinelli-lancia-lo-sprint-tra-gli-under-23\/\">Continua a leggere...<\/a><\/div><\/p>","protected":false},"author":956,"featured_media":0,"comment_status":"open","ping_status":"closed","sticky":false,"template":"","format":"standard","meta":[],"categories":[1],"tags":[],"_links":{"self":[{"href":"https:\/\/blog.ilgiornale.it\/ruzzo\/wp-json\/wp\/v2\/posts\/25585"}],"collection":[{"href":"https:\/\/blog.ilgiornale.it\/ruzzo\/wp-json\/wp\/v2\/posts"}],"about":[{"href":"https:\/\/blog.ilgiornale.it\/ruzzo\/wp-json\/wp\/v2\/types\/post"}],"author":[{"embeddable":true,"href":"https:\/\/blog.ilgiornale.it\/ruzzo\/wp-json\/wp\/v2\/users\/956"}],"replies":[{"embeddable":true,"href":"https:\/\/blog.ilgiornale.it\/ruzzo\/wp-json\/wp\/v2\/comments?post=25585"}],"version-history":[{"count":2,"href":"https:\/\/blog.ilgiornale.it\/ruzzo\/wp-json\/wp\/v2\/posts\/25585\/revisions"}],"predecessor-version":[{"id":25588,"href":"https:\/\/blog.ilgiornale.it\/ruzzo\/wp-json\/wp\/v2\/posts\/25585\/revisions\/25588"}],"wp:attachment":[{"href":"https:\/\/blog.ilgiornale.it\/ruzzo\/wp-json\/wp\/v2\/media?parent=25585"}],"wp:term":[{"taxonomy":"category","embeddable":true,"href":"https:\/\/blog.ilgiornale.it\/ruzzo\/wp-json\/wp\/v2\/categories?post=25585"},{"taxonomy":"post_tag","embeddable":true,"href":"https:\/\/blog.ilgiornale.it\/ruzzo\/wp-json\/wp\/v2\/tags?post=25585"}],"curies":[{"name":"wp","href":"https:\/\/api.w.org\/{rel}","templated":true}]}}