{"id":25595,"date":"2019-02-08T20:35:56","date_gmt":"2019-02-08T19:35:56","guid":{"rendered":"https:\/\/blog.ilgiornale.it\/ruzzo\/?p=25595"},"modified":"2019-02-08T20:35:56","modified_gmt":"2019-02-08T19:35:56","slug":"un-network-per-scoprire-le-marche-in-bici","status":"publish","type":"post","link":"https:\/\/blog.ilgiornale.it\/ruzzo\/2019\/02\/08\/un-network-per-scoprire-le-marche-in-bici\/","title":{"rendered":"Un network per scoprire le Marche in bici"},"content":{"rendered":"<p><a href=\"https:\/\/blog.ilgiornale.it\/ruzzo\/files\/2019\/02\/marche.jpg\"><img loading=\"lazy\" class=\"alignright size-medium wp-image-25596\" src=\"https:\/\/blog.ilgiornale.it\/ruzzo\/files\/2019\/02\/marche-300x138.jpg\" alt=\"marche\" width=\"300\" height=\"138\" srcset=\"https:\/\/blog.ilgiornale.it\/ruzzo\/files\/2019\/02\/marche-300x138.jpg 300w, https:\/\/blog.ilgiornale.it\/ruzzo\/files\/2019\/02\/marche-1024x470.jpg 1024w, https:\/\/blog.ilgiornale.it\/ruzzo\/files\/2019\/02\/marche.jpg 1687w\" sizes=\"(max-width: 300px) 100vw, 300px\" \/><\/a>E&#8217; andato fino a Londra in bici per far conoscere le Marche, la sua regione, quella che tanti anni fa lo ha adottato. <strong>Mauro Fumagalli<\/strong> \u00e8 un milanese &#8220;pentito&#8221; che una ventina di anni fa ha deciso di cambiar vita e si \u00e8 trasferito (con la sua bici) proprio da quelle parti dove \u00e8 rimasto (a maggior ragione) anche dopo il terremoto. Aveva un&#8217;idea meravigliosa in testa e, con la tenacia che ha chi \u00e8 abituato a pedalare in salita o controvento, ne \u00e8 venuto a capo.\u00a0 Il suo progetto \u00e8 quello di promuovere un turismo ciclabile\u00a0 e l&#8217; uso della bicicletta come mezzo di locomozione, di conoscenza dell&#8217;arte, della cultura, della tradizione dei territori e di benessere in uno stile di vita che coinvolga tutti dai pi\u00f9 piccoli fino alla terza et\u00e0. Tutto ci\u00f2 ovviamente nelle Marche, territorio perfetto per muoversi a pedali tra storia e natura. Ed \u00e8 proprio di questi giorni la nascita del network di Cicloturismo <strong>\u201cLe Marche in Bici&#8221;\u2019,<\/strong>\u00a0 un contenitore di itinerari che si collega a una serie di strutture ricettive, bikehotel e agribike con tutti i servizi dedicati al popolo dei cicloturisti. &#8221; Si va dal noleggio di bici da corsa, mountain bike, gravel e ebike,\u00a0 al servizio di guide Esperte che possono accompagnare gli ospiti a vivere un\u2019esperienza emozionale in bicicletta nel territorio- spiega Fumagalli sul sito- nulla \u00e8 lasciato al caso, a partire dai servizi di trasporto bagagli, alle informazioni riguardanti i percorsi proposti, ai luoghi d\u2019arte e di cultura da visitare, alle visite alle cantine e al territorio\u2026Insomma si deve\u00a0 pensare a pedalare&#8221;. Il Network\u00a0 \u00e8 composto da circa 200 itinerari su strada che su strade bianche, quasi 2000 km di percorsi cicloturistici, 10 Bike Hotel certificati con servizi di alto livello, noleggio bici di alta gamma, 8 Aziende Vinicole convenzionate, 15 Aziende Agricole convenzionate, massaggiatori professionisti, maestri di yoga, una azienda Internazionale di abbigliamento sportivo, un&#8217;azienda servizi di trasporto, aziende di assistenza meccanica e tecnica, 15 pacchetti cicloturistici tra settimanali e long week end ed escursioni giornaliere prenotabili presso i Bike Hotel. &#8220;Per noi \u00e8 importante far scoprire quale sia l\u2019accoglienza della nostra meravigliosa terra- spiega Fumagalli- Ci piace raccontare un territorio che \u00e8 adatto a tutte le gambe ed \u00e8\u00a0 ancora molto da scoprire&#8230;&#8221;<\/p>\n<p><a href=\"https:\/\/www.marchebikelife.com\/\">https:\/\/www.marchebikelife.com\/<\/a><\/p>\n","protected":false},"excerpt":{"rendered":"<p><p>E&#8217; andato fino a Londra in bici per far conoscere le Marche, la sua regione, quella che tanti anni fa lo ha adottato. Mauro Fumagalli \u00e8 un milanese &#8220;pentito&#8221; che una ventina di anni fa ha deciso di cambiar vita e si \u00e8 trasferito (con la sua bici) proprio da quelle parti dove \u00e8 rimasto (a maggior ragione) anche dopo il terremoto. Aveva un&#8217;idea meravigliosa in testa e, con la tenacia che ha chi \u00e8 abituato a pedalare in salita o controvento, ne \u00e8 venuto a capo.\u00a0 Il suo progetto \u00e8 quello di promuovere un turismo ciclabile\u00a0 e l&#8217; uso [&hellip;]<\/p>\n&nbsp;&nbsp;<div class=\"readmore\"><a href=\"https:\/\/blog.ilgiornale.it\/ruzzo\/2019\/02\/08\/un-network-per-scoprire-le-marche-in-bici\/\">Continua a leggere...<\/a><\/div><\/p>","protected":false},"author":956,"featured_media":0,"comment_status":"open","ping_status":"closed","sticky":false,"template":"","format":"standard","meta":[],"categories":[1],"tags":[],"_links":{"self":[{"href":"https:\/\/blog.ilgiornale.it\/ruzzo\/wp-json\/wp\/v2\/posts\/25595"}],"collection":[{"href":"https:\/\/blog.ilgiornale.it\/ruzzo\/wp-json\/wp\/v2\/posts"}],"about":[{"href":"https:\/\/blog.ilgiornale.it\/ruzzo\/wp-json\/wp\/v2\/types\/post"}],"author":[{"embeddable":true,"href":"https:\/\/blog.ilgiornale.it\/ruzzo\/wp-json\/wp\/v2\/users\/956"}],"replies":[{"embeddable":true,"href":"https:\/\/blog.ilgiornale.it\/ruzzo\/wp-json\/wp\/v2\/comments?post=25595"}],"version-history":[{"count":1,"href":"https:\/\/blog.ilgiornale.it\/ruzzo\/wp-json\/wp\/v2\/posts\/25595\/revisions"}],"predecessor-version":[{"id":25597,"href":"https:\/\/blog.ilgiornale.it\/ruzzo\/wp-json\/wp\/v2\/posts\/25595\/revisions\/25597"}],"wp:attachment":[{"href":"https:\/\/blog.ilgiornale.it\/ruzzo\/wp-json\/wp\/v2\/media?parent=25595"}],"wp:term":[{"taxonomy":"category","embeddable":true,"href":"https:\/\/blog.ilgiornale.it\/ruzzo\/wp-json\/wp\/v2\/categories?post=25595"},{"taxonomy":"post_tag","embeddable":true,"href":"https:\/\/blog.ilgiornale.it\/ruzzo\/wp-json\/wp\/v2\/tags?post=25595"}],"curies":[{"name":"wp","href":"https:\/\/api.w.org\/{rel}","templated":true}]}}