{"id":25598,"date":"2019-02-09T12:57:48","date_gmt":"2019-02-09T11:57:48","guid":{"rendered":"https:\/\/blog.ilgiornale.it\/ruzzo\/?p=25598"},"modified":"2019-02-09T12:57:48","modified_gmt":"2019-02-09T11:57:48","slug":"cibo-e-sport-a-lezione-di-benessere","status":"publish","type":"post","link":"https:\/\/blog.ilgiornale.it\/ruzzo\/2019\/02\/09\/cibo-e-sport-a-lezione-di-benessere\/","title":{"rendered":"Cibo e sport:  a lezione di benessere"},"content":{"rendered":"<p><strong><a href=\"https:\/\/blog.ilgiornale.it\/ruzzo\/files\/2019\/02\/ene.jpg\"><img loading=\"lazy\" class=\"alignleft size-medium wp-image-25599\" src=\"https:\/\/blog.ilgiornale.it\/ruzzo\/files\/2019\/02\/ene-300x282.jpg\" alt=\"ene\" width=\"300\" height=\"282\" srcset=\"https:\/\/blog.ilgiornale.it\/ruzzo\/files\/2019\/02\/ene-300x282.jpg 300w, https:\/\/blog.ilgiornale.it\/ruzzo\/files\/2019\/02\/ene.jpg 424w\" sizes=\"(max-width: 300px) 100vw, 300px\" \/><\/a>D&#8217;accordo i campioni, ma \u00abstar bene\u00bb riguarda un po&#8217; tutti.<\/strong> E il benessere, ormai \u00e8 assodato, si costruisce con una corretta alimentazione e con il movimento fisico: camminando, correndo, pedalando, nuotando.\u00a0 Si parte da qui anche se, quasi sempre, la maggiorparte di chi decide di dare una svolta alla propria vita disordinata e sedentaria la strada non la conosce e si perde.Anche perch\u00e8 il fai-da-te non funziona.<\/p>\n<p><strong>Da qui l&#8217;idea di portare in \u00abclasse\u00bb con una serie di corsi<\/strong> tenuti da medici sportivi, nutrizionisti, dietisti e preparatori atletici chi ci vuole provare allargando il compasso dalla nutrizione sportiva a quella di tutti i giorni. \u00abVogliamo portare l&#8217;esperienza maturata con l&#8217;alimentazione dei campioni nella vita di tutti giorni &#8211; spiega Elena Casiraghi, specialista di alimentazione ed integrazione sportiva e responsabile dell&#8217;Enervit Nutrition Center- Si tratta di un progetto di educazione alimentare che va dai programmi nutrizionali ai corsi per una corretta alimentazione, dai test per la valutazione corporea di massa magra, grassa ed idratazione ai piani di allenamento personalizzati\u00bb.<\/p>\n<p><strong>E cos\u00ec dalle prossime settimane nel centro di via Achille Papa inizieranno le \u00ablezioni\u00bb<\/strong> (gratuite) che potranno essere seguite prenotandosi sul sito dell&#8217;azienda fondata 50 anni fa da Paolo Sorbini. Si allargano quindi gli orizzonti e gli studi e la ricerca sull&#8217;alimentazione sportiva vengono messi a disposizione anche di chi non punta a correre una maratona o ad arrivare al traguardo di un Ironman: \u00abLa nostra storia \u00e8 sportiva ed ovviamente continua- spiega la dottoressa Casiraghi- Perch\u00e8 in questo centro continueremo a seguire atleti ed appassionati che si vogliono preparare per una sfida per migliorarsi con programmi specifici. Ma il nuovo passo \u00e8 coinvolgere anche chi ha solo voglia di sentirsi pi\u00f9 tonico ed avere la mente pi\u00f9 lucida per affrontare la vita di tutti i giorni con una serie di lezioni che spieghino cosa succede al nostro organismo cosa succede quandio mangiamo o ci alleniamo\u00bb.<\/p>\n<p><strong>Ogni giorno si devono fare tre pasti principali e due e tre spuntini.<\/strong> Ogni pasto principale e ogni spuntino devono apportare circa il 40% delle calorie da carboidrati, circa il 30% da proteine e circa il 30% da grassi. L&#8217;obiettivo \u00e8 bilanciare i macronutrienti per tenere sotto controllo il livello della glicemia. Alimentazione, integrazione ed allenamento restano i tre \u00abpilastri\u00bb su cui costruire o ricostruirsi. Partendo dal fatto che spesso ci\u00f2 che si fa per sentito dire o perch\u00e8 qualche amico ha fatto cos\u00ec non \u00e8 la cosa giusta e per sfatare molti luoghi comuni anche tra chi fa sport: \u00abSpesso gli amatori si allenano troppo- spiega Casiraghi- Credono che il fatto di essere stanchi sia sinomimo di una buona seduta di training. Non sanno come calcolare i carichi di lavoro, come gestire stimoli e recupero. Sottovalutano ed esempio il sonno che per uno sportivo, ma anche per tutti gli altri, \u00e8 uno dei fattori che pi\u00f9 incide sulle prestazioni sia pr quanto riguarda la durata sia per la qualit\u00e0\u00bb.<\/p>\n","protected":false},"excerpt":{"rendered":"<p><p>D&#8217;accordo i campioni, ma \u00abstar bene\u00bb riguarda un po&#8217; tutti. E il benessere, ormai \u00e8 assodato, si costruisce con una corretta alimentazione e con il movimento fisico: camminando, correndo, pedalando, nuotando.\u00a0 Si parte da qui anche se, quasi sempre, la maggiorparte di chi decide di dare una svolta alla propria vita disordinata e sedentaria la strada non la conosce e si perde.Anche perch\u00e8 il fai-da-te non funziona. Da qui l&#8217;idea di portare in \u00abclasse\u00bb con una serie di corsi tenuti da medici sportivi, nutrizionisti, dietisti e preparatori atletici chi ci vuole provare allargando il compasso dalla nutrizione sportiva a quella [&hellip;]<\/p>\n&nbsp;&nbsp;<div class=\"readmore\"><a href=\"https:\/\/blog.ilgiornale.it\/ruzzo\/2019\/02\/09\/cibo-e-sport-a-lezione-di-benessere\/\">Continua a leggere...<\/a><\/div><\/p>","protected":false},"author":956,"featured_media":0,"comment_status":"open","ping_status":"closed","sticky":false,"template":"","format":"standard","meta":[],"categories":[1],"tags":[],"_links":{"self":[{"href":"https:\/\/blog.ilgiornale.it\/ruzzo\/wp-json\/wp\/v2\/posts\/25598"}],"collection":[{"href":"https:\/\/blog.ilgiornale.it\/ruzzo\/wp-json\/wp\/v2\/posts"}],"about":[{"href":"https:\/\/blog.ilgiornale.it\/ruzzo\/wp-json\/wp\/v2\/types\/post"}],"author":[{"embeddable":true,"href":"https:\/\/blog.ilgiornale.it\/ruzzo\/wp-json\/wp\/v2\/users\/956"}],"replies":[{"embeddable":true,"href":"https:\/\/blog.ilgiornale.it\/ruzzo\/wp-json\/wp\/v2\/comments?post=25598"}],"version-history":[{"count":1,"href":"https:\/\/blog.ilgiornale.it\/ruzzo\/wp-json\/wp\/v2\/posts\/25598\/revisions"}],"predecessor-version":[{"id":25600,"href":"https:\/\/blog.ilgiornale.it\/ruzzo\/wp-json\/wp\/v2\/posts\/25598\/revisions\/25600"}],"wp:attachment":[{"href":"https:\/\/blog.ilgiornale.it\/ruzzo\/wp-json\/wp\/v2\/media?parent=25598"}],"wp:term":[{"taxonomy":"category","embeddable":true,"href":"https:\/\/blog.ilgiornale.it\/ruzzo\/wp-json\/wp\/v2\/categories?post=25598"},{"taxonomy":"post_tag","embeddable":true,"href":"https:\/\/blog.ilgiornale.it\/ruzzo\/wp-json\/wp\/v2\/tags?post=25598"}],"curies":[{"name":"wp","href":"https:\/\/api.w.org\/{rel}","templated":true}]}}