{"id":25601,"date":"2019-02-10T18:30:06","date_gmt":"2019-02-10T17:30:06","guid":{"rendered":"https:\/\/blog.ilgiornale.it\/ruzzo\/?p=25601"},"modified":"2019-02-10T18:30:31","modified_gmt":"2019-02-10T17:30:31","slug":"in-bici-luci-accese-anche-di-giorno","status":"publish","type":"post","link":"https:\/\/blog.ilgiornale.it\/ruzzo\/2019\/02\/10\/in-bici-luci-accese-anche-di-giorno\/","title":{"rendered":"In bici luci accese ( anche di giorno)"},"content":{"rendered":"<p><a href=\"https:\/\/blog.ilgiornale.it\/ruzzo\/files\/2019\/02\/oss.jpg\"><img loading=\"lazy\" class=\"alignleft size-medium wp-image-25602\" src=\"https:\/\/blog.ilgiornale.it\/ruzzo\/files\/2019\/02\/oss-300x212.jpg\" alt=\"oss\" width=\"300\" height=\"212\" srcset=\"https:\/\/blog.ilgiornale.it\/ruzzo\/files\/2019\/02\/oss-300x212.jpg 300w, https:\/\/blog.ilgiornale.it\/ruzzo\/files\/2019\/02\/oss.jpg 729w\" sizes=\"(max-width: 300px) 100vw, 300px\" \/><\/a>Casco allacciato e luci sempre ben accese suggeriva qualche anno fa Nico Cereghini ai motociclisti nelle sue trasmissioni tv. E per chi va in moto da sempre questa \u00e8 una regola, tant&#8217;\u00e8 che negli ultimi anni quasi tutte le case produttrici hanno fatto s\u00ec che i fari si accendano nel momento stesso in si accende la moto: impossibile spegnerli. Le luci accese anche di giorno servono. Servono soprattutto a chi non ha la sagoma ingombrante di un&#8217;auto per rendersi un po&#8217; pi\u00f9 visibile. E dai motociclisti ai ciclisti il passo \u00e8 breve. L &#8216;Associazione Corridori Ciclisti Professionisti col suo presidente <strong>Cristian Salvato<\/strong> lancia la campagna di sensibilizzazione rivolta ai ciclisti sportivi e urbani sull\u2019uso delle luci, anche di giorno. L\u2019iniziativa ideata da <strong>Marco Cavorso,<\/strong> delegato alla sicurezza di ACCPI, oltre a evidenziare l\u2019obbligatoriet\u00e0 di montare luci anteriori e posteriori sulle proprie bici, comprese anche quelle da corsa al di fuori delle competizioni, evidenzia l\u2019importanza di tenerle accese anche di giorno per migliorare la sicurezza di chi pedala. \u00abHo lanciato questa campagna sulla base dell\u2019esperienza vissuta da motociclista negli anni \u201980, quando ci accorgemmo che, mutuando i comportamenti gi\u00e0 in uso nell\u2019Europa continentale, tenere accesi i fari anche di giorno significava salvarci la vita- spiega Cavorso-\u00a0 Siamo sicuri che anche per chi usa le bici sia il metodo migliore per farsi vedere dagli automobilisti che arrivano da dietro, dai lati o addirittura in sorpasso contromano. Sono felice che il messaggio sui social sia diventato virale. Riteniamo possa salvare tante vite e soprattutto creare un nuovo modo di vivere la strada da parte dei ciclisti\u00bb. L&#8217;Associazione corridori ha gi\u00e0 preso contatti\u00a0con molti\u00a0 professionisti azzurri come<strong> Matteo Trentin, Daniel Oss,\u00a0 Daniele Bennati,<\/strong> e con campioni del passato come <strong>Maurizio Fondriest<\/strong> per far s\u00ec che questo messaggio inizi a circolare. &#8220;Qualcuno di loro come Trentin e Fondriest utilizzava solo il faro posteriore acceso anche di giorno, gli altri erano gi\u00e0 attrezzati anche con quello anteriore- spiega Cavorso- Tutti hanno capito l\u2019importanza dell\u2019utilizzo di entrambi, anche alla luce del giorno\u00bb.<\/p>\n","protected":false},"excerpt":{"rendered":"<p><p>Casco allacciato e luci sempre ben accese suggeriva qualche anno fa Nico Cereghini ai motociclisti nelle sue trasmissioni tv. E per chi va in moto da sempre questa \u00e8 una regola, tant&#8217;\u00e8 che negli ultimi anni quasi tutte le case produttrici hanno fatto s\u00ec che i fari si accendano nel momento stesso in si accende la moto: impossibile spegnerli. Le luci accese anche di giorno servono. Servono soprattutto a chi non ha la sagoma ingombrante di un&#8217;auto per rendersi un po&#8217; pi\u00f9 visibile. E dai motociclisti ai ciclisti il passo \u00e8 breve. L &#8216;Associazione Corridori Ciclisti Professionisti col suo presidente [&hellip;]<\/p>\n&nbsp;&nbsp;<div class=\"readmore\"><a href=\"https:\/\/blog.ilgiornale.it\/ruzzo\/2019\/02\/10\/in-bici-luci-accese-anche-di-giorno\/\">Continua a leggere...<\/a><\/div><\/p>","protected":false},"author":956,"featured_media":0,"comment_status":"open","ping_status":"closed","sticky":false,"template":"","format":"standard","meta":[],"categories":[1],"tags":[],"_links":{"self":[{"href":"https:\/\/blog.ilgiornale.it\/ruzzo\/wp-json\/wp\/v2\/posts\/25601"}],"collection":[{"href":"https:\/\/blog.ilgiornale.it\/ruzzo\/wp-json\/wp\/v2\/posts"}],"about":[{"href":"https:\/\/blog.ilgiornale.it\/ruzzo\/wp-json\/wp\/v2\/types\/post"}],"author":[{"embeddable":true,"href":"https:\/\/blog.ilgiornale.it\/ruzzo\/wp-json\/wp\/v2\/users\/956"}],"replies":[{"embeddable":true,"href":"https:\/\/blog.ilgiornale.it\/ruzzo\/wp-json\/wp\/v2\/comments?post=25601"}],"version-history":[{"count":1,"href":"https:\/\/blog.ilgiornale.it\/ruzzo\/wp-json\/wp\/v2\/posts\/25601\/revisions"}],"predecessor-version":[{"id":25603,"href":"https:\/\/blog.ilgiornale.it\/ruzzo\/wp-json\/wp\/v2\/posts\/25601\/revisions\/25603"}],"wp:attachment":[{"href":"https:\/\/blog.ilgiornale.it\/ruzzo\/wp-json\/wp\/v2\/media?parent=25601"}],"wp:term":[{"taxonomy":"category","embeddable":true,"href":"https:\/\/blog.ilgiornale.it\/ruzzo\/wp-json\/wp\/v2\/categories?post=25601"},{"taxonomy":"post_tag","embeddable":true,"href":"https:\/\/blog.ilgiornale.it\/ruzzo\/wp-json\/wp\/v2\/tags?post=25601"}],"curies":[{"name":"wp","href":"https:\/\/api.w.org\/{rel}","templated":true}]}}