{"id":25622,"date":"2019-02-13T16:12:46","date_gmt":"2019-02-13T15:12:46","guid":{"rendered":"https:\/\/blog.ilgiornale.it\/ruzzo\/?p=25622"},"modified":"2019-02-13T16:12:46","modified_gmt":"2019-02-13T15:12:46","slug":"triathlon-il-gala-trasloca-a-cervia-ed-e-uno-show","status":"publish","type":"post","link":"https:\/\/blog.ilgiornale.it\/ruzzo\/2019\/02\/13\/triathlon-il-gala-trasloca-a-cervia-ed-e-uno-show\/","title":{"rendered":"Triathlon, il gal\u00e0 trasloca a Cervia ed \u00e8 uno show"},"content":{"rendered":"<p><a href=\"https:\/\/blog.ilgiornale.it\/ruzzo\/files\/2019\/02\/tri1.jpg\"><img loading=\"lazy\" class=\"alignleft size-medium wp-image-25628\" src=\"https:\/\/blog.ilgiornale.it\/ruzzo\/files\/2019\/02\/tri1-300x199.jpg\" alt=\"tri\" width=\"300\" height=\"199\" srcset=\"https:\/\/blog.ilgiornale.it\/ruzzo\/files\/2019\/02\/tri1-300x199.jpg 300w, https:\/\/blog.ilgiornale.it\/ruzzo\/files\/2019\/02\/tri1.jpg 538w\" sizes=\"(max-width: 300px) 100vw, 300px\" \/><\/a>C&#8217;era una volta il Gal\u00e0 del triathlon, passerella di campioni. Passerella milanese di uno\u00a0 sport che fa per tre e che negli ultimi anni sta moltiplicando anche gli appassionati. C&#8217;era una volta il gal\u00e0 del triathlon e c&#8217;\u00e8 ancora solo che trasloca, cambia scenario e da Milano si si trasferisce a Cervia\u00a0 in un fine settimana\u00a0 che sar\u00e0 il\u00a0primo evento in Italia dedicato alla triplice disciplina e agli sport d\u2019endurance.\u00a0 Sport , premi e spettacolo in tre giorni in cui si alterneranno competizioni di\u00a0triathlon,\u00a0di\u00a0duathlon\u00a0e di\u00a0running. In cui ci saranno incontri,\u00a0musica\u00a0e\u00a0intrattenimento per avvicinarsi e\u00a0e scoprire una disciplina che sta ormai davvero diventando l&#8217;ultima frontiera del fitness.\u00a0 E&#8217; cambiato il triathlon, \u00e8 diventato pi\u00f9 frequentato, pi\u00f9 appetibile, pi\u00f9 &#8220;popolare&#8221; facendo magari storcere un po&#8217; il naso a chi c&#8217;era dall&#8217;inizio, a chi l&#8217;ha cominciato ed ora si ritrova a condividere le zone cambio con qualche &#8220;parvenu&#8221;. Ma \u00e8 il prezzo che si deve pagare all&#8217;esplosione di uno sport che negli ultimi anni \u00e8 cresciuto ed ha saputo suscitare gli interesse dei neofiti, degli sponsor e delle aziende. Il triathlon cambia ma il Gran Gal\u00e0 resta , organizzato ormai da sette anni da <strong>Dario Nardone.<\/strong> Anzi fa un passo avanti e diventa un <strong>Triathlon show<\/strong> che nel lungo week end del 23 marzo sar\u00e0 l&#8217;occasione per fare promozione\u00a0 e ritrovarsi con tutti i protagonisti\u00a0che si sono \u00a0distinti nella stagione 2018 e che\u00a0saliranno sul palco in una serata di premi condotta da Dario Nardone e \u00a0<strong>Sara Dossena<\/strong>\u00a0che per una sera far\u00e0 la padrona di casa.\u00a0\u00a0\u00abIl triathlon \u00e8 entrato nella vita dei cervesi &#8211;\u00a0 spiega\u00a0\u00a0il sindaco di Cervia<strong> Luca Coffari<\/strong>&#8211; I nostri concittadini hanno imparato a conoscere questo sport e ad applaudire i loro protagonisti durante l\u2019<strong>Ironman Italy Emilia Romagna<\/strong>, che da due anni movimenta il nostro terzo week end di settembre. Con Triathlon Show ci rimettiamo in gioco nell\u2019ottica di voler creare un grande prodotto per il triathlon e i suoi praticanti&#8221;. Il cuore dell&#8217;evento saranno le\u00a0aree dei\u00a0Magazzini del Sale,\u00a0Torre San Michele\u00a0e\u00a0il lungomare<strong>: &#8221;\u00a0<\/strong>La scelta della location non \u00e8 ovviamente un caso- spiega <strong>Nardone<\/strong>&#8211; negli ultimi due anni la cittadina romagnola si \u00e8 imposta\u00a0\u00a0come\u00a0capitale della triplice\u00a0 e quello<strong>\u00a0q<\/strong>uello\u00a0romagnolo\u00a0\u00e8 un\u00a0territorio\u00a0che si \u00e8\u00a0votato al triathlon\u00a0grazie anche alla nascita di\u00a0<strong>Terre del Triathlon<\/strong>, l&#8217;intesa tra i sei comuni di\u00a0Bertinoro,\u00a0Cesena,\u00a0Cervia,\u00a0Forl\u00ec,\u00a0\u00a0Forlimpopoli\u00a0e\u00a0Ravenna\u00a0per la valorizzazione del territorio attraverso la pratica della triplice disciplina&#8221;. Si parte la mattina di sabato 23 alle\u00a0<strong>9:00<\/strong>\u00a0con il\u00a0<strong>Duathlon Kids<\/strong>, e nel\u00a0 pomeriggio di sabato\u00a0 dalle 13:00 con\u00a0 il\u00a0<strong>Triathlon Crono. <\/strong>Domenica ci saranno le\u00a0gare di running e si potr\u00e0\u00a0\u00a0scegliere tra la\u00a0<strong>10K Run\u00a0<\/strong>(competitiva) e la\u00a0<strong>5K Run<\/strong>\u00a0(non competitiva), entrambe<em>\u00a0\u201cby Follow Your Passion\u201d<\/em>. Poi si accenderanno le luci dei riflettori per un gran gal\u00e0 che c&#8217;era una volta e c&#8217;\u00e8 ancora. Pi\u00f9 che mai.<\/p>\n","protected":false},"excerpt":{"rendered":"<p><p>C&#8217;era una volta il Gal\u00e0 del triathlon, passerella di campioni. Passerella milanese di uno\u00a0 sport che fa per tre e che negli ultimi anni sta moltiplicando anche gli appassionati. C&#8217;era una volta il gal\u00e0 del triathlon e c&#8217;\u00e8 ancora solo che trasloca, cambia scenario e da Milano si si trasferisce a Cervia\u00a0 in un fine settimana\u00a0 che sar\u00e0 il\u00a0primo evento in Italia dedicato alla triplice disciplina e agli sport d\u2019endurance.\u00a0 Sport , premi e spettacolo in tre giorni in cui si alterneranno competizioni di\u00a0triathlon,\u00a0di\u00a0duathlon\u00a0e di\u00a0running. In cui ci saranno incontri,\u00a0musica\u00a0e\u00a0intrattenimento per avvicinarsi e\u00a0e scoprire una disciplina che sta ormai davvero [&hellip;]<\/p>\n&nbsp;&nbsp;<div class=\"readmore\"><a href=\"https:\/\/blog.ilgiornale.it\/ruzzo\/2019\/02\/13\/triathlon-il-gala-trasloca-a-cervia-ed-e-uno-show\/\">Continua a leggere...<\/a><\/div><\/p>","protected":false},"author":956,"featured_media":0,"comment_status":"open","ping_status":"closed","sticky":false,"template":"","format":"standard","meta":[],"categories":[1],"tags":[],"_links":{"self":[{"href":"https:\/\/blog.ilgiornale.it\/ruzzo\/wp-json\/wp\/v2\/posts\/25622"}],"collection":[{"href":"https:\/\/blog.ilgiornale.it\/ruzzo\/wp-json\/wp\/v2\/posts"}],"about":[{"href":"https:\/\/blog.ilgiornale.it\/ruzzo\/wp-json\/wp\/v2\/types\/post"}],"author":[{"embeddable":true,"href":"https:\/\/blog.ilgiornale.it\/ruzzo\/wp-json\/wp\/v2\/users\/956"}],"replies":[{"embeddable":true,"href":"https:\/\/blog.ilgiornale.it\/ruzzo\/wp-json\/wp\/v2\/comments?post=25622"}],"version-history":[{"count":2,"href":"https:\/\/blog.ilgiornale.it\/ruzzo\/wp-json\/wp\/v2\/posts\/25622\/revisions"}],"predecessor-version":[{"id":25629,"href":"https:\/\/blog.ilgiornale.it\/ruzzo\/wp-json\/wp\/v2\/posts\/25622\/revisions\/25629"}],"wp:attachment":[{"href":"https:\/\/blog.ilgiornale.it\/ruzzo\/wp-json\/wp\/v2\/media?parent=25622"}],"wp:term":[{"taxonomy":"category","embeddable":true,"href":"https:\/\/blog.ilgiornale.it\/ruzzo\/wp-json\/wp\/v2\/categories?post=25622"},{"taxonomy":"post_tag","embeddable":true,"href":"https:\/\/blog.ilgiornale.it\/ruzzo\/wp-json\/wp\/v2\/tags?post=25622"}],"curies":[{"name":"wp","href":"https:\/\/api.w.org\/{rel}","templated":true}]}}