{"id":25636,"date":"2019-02-14T16:41:02","date_gmt":"2019-02-14T15:41:02","guid":{"rendered":"https:\/\/blog.ilgiornale.it\/ruzzo\/?p=25636"},"modified":"2019-02-14T19:50:08","modified_gmt":"2019-02-14T18:50:08","slug":"sciopero-maratona-e-stramilano-senza-vigili","status":"publish","type":"post","link":"https:\/\/blog.ilgiornale.it\/ruzzo\/2019\/02\/14\/sciopero-maratona-e-stramilano-senza-vigili\/","title":{"rendered":"Sciopero: Maratona e Stramilano senza vigili?"},"content":{"rendered":"<p><a href=\"https:\/\/blog.ilgiornale.it\/ruzzo\/files\/2019\/02\/stra.jpg\"><img loading=\"lazy\" class=\"alignleft size-medium wp-image-25638\" src=\"https:\/\/blog.ilgiornale.it\/ruzzo\/files\/2019\/02\/stra-300x184.jpg\" alt=\"stra\" width=\"300\" height=\"184\" srcset=\"https:\/\/blog.ilgiornale.it\/ruzzo\/files\/2019\/02\/stra-300x184.jpg 300w, https:\/\/blog.ilgiornale.it\/ruzzo\/files\/2019\/02\/stra.jpg 679w\" sizes=\"(max-width: 300px) 100vw, 300px\" \/><\/a>Sciopero. Sciopero perch\u00e8 ai vigili milanesi non va gi\u00f9 che il Comune di Milano voglia dotarli di un <em>&#8220;badge&#8221;<\/em> come degli impiegati qualunque, come chi lavora in\u00a0Posta o in banca, senza nulla togliere a chi lavora in Posta o in banca. Ma i &#8220;ghisa&#8221;, come li chiamano a Milano, fanno in effetti un altro mestiere almeno quelli che vanno in pattuglia o stanno in strada. Logico quindi che contro il badge ormai da mesi abbiano intrapreso un braccio di ferro con Palazzo Marino e col sindaco Giuseppe Sala che sulla questione non sembra troppo disposto a trattare. La battaglia quindi continua. E il vaso di coccio in mezzo ai due litiganti nelle prossime domeniche rischiano di essere le migliaia di podisti che verranno a Milano a correre. I<strong>\u00a0<\/strong>sindacalisti del Sulpm\u00a0e di altre tre sigle di base\u00a0 hanno infatti elencato quali saranno le &#8220;forme di lotta&#8221; da qui ad aprile: il blocco degli straordinari per la\u00a0Settimana della Moda,\u00a0 lo\u00a0sciopero nei giorni della <strong>Stramilano<\/strong>\u00a0che si corre domenica 24 marzo e della\u00a0<strong>Milano City Marathon<\/strong>\u00a0che invece \u00e8 in programma domenica 7 aprile. Facile immaginare che sar\u00e0 il caso. Chi ha corso a Milano sa infatti benissimo che, gi\u00e0 con i vigili schierati, l&#8217;accoglienza e la convivenza con gli automobilisti non \u00e8 delle migliori figurarsi con gli incroci non presidiati. La speranza \u00e8 che si arrivi a un ripensamento o che, nella peggiore delle ipotesi chi ha il potere di farlo ( il prefetto)\u00a0 decida che in quelle giornate non si pu\u00f2 scioperare. Per carit\u00e0, lo sciopero \u00e8 sacro ed \u00e8 un diritto costituzionale che non si tocca soprattutto di questi tempi dove istituzioni e istituti democratici vengono spesso messi in discussione ma quasi sempre a farne le spese sono cittadini che non c&#8217;entrano nulla come i pendolari quando si fermano i trasporti,\u00a0 i malati quando incrociano le braccia quelli della sanit\u00e0, gli studenti quando si fermano i professori..Beh, loro forse no.\u00a0 Ora tocca ai podisti anche se Milano, con o senza ghisa, prover\u00e0 a cancellare i disagi e a far da s\u00e8 con la sperimentazione degli Asa, gli addetti alla segnalazione aggiuntiva nelle competizioni sportive agonistiche podistiche su strada. &#8221; Gi\u00e0 succede nelle gare ciclistiche che si \u00e8 organizzato con scorte tecniche proprie- spiega\u00a0<strong>Gianni Mauri<\/strong>\u00a0presidente del Comitato Regionale Fidal Lombardia- e cos\u00ec faremo anche noi con un progetto pilota che parte dalla LLombardia per essere poi esteso in tutta Italia. Si tratta di personale che verr\u00e0 formato con corsi appositi in grado di gestire traffico e incroci durante le manifestazioni sportive&#8221; La sperimentazione parte dopo il parere positivo del ministero dell\u2019Interno che estende e rende operativa una norma del vigente Codice della Strada.<\/p>\n","protected":false},"excerpt":{"rendered":"<p><p>Sciopero. Sciopero perch\u00e8 ai vigili milanesi non va gi\u00f9 che il Comune di Milano voglia dotarli di un &#8220;badge&#8221; come degli impiegati qualunque, come chi lavora in\u00a0Posta o in banca, senza nulla togliere a chi lavora in Posta o in banca. Ma i &#8220;ghisa&#8221;, come li chiamano a Milano, fanno in effetti un altro mestiere almeno quelli che vanno in pattuglia o stanno in strada. Logico quindi che contro il badge ormai da mesi abbiano intrapreso un braccio di ferro con Palazzo Marino e col sindaco Giuseppe Sala che sulla questione non sembra troppo disposto a trattare. La battaglia quindi [&hellip;]<\/p>\n&nbsp;&nbsp;<div class=\"readmore\"><a href=\"https:\/\/blog.ilgiornale.it\/ruzzo\/2019\/02\/14\/sciopero-maratona-e-stramilano-senza-vigili\/\">Continua a leggere...<\/a><\/div><\/p>","protected":false},"author":956,"featured_media":0,"comment_status":"open","ping_status":"closed","sticky":false,"template":"","format":"standard","meta":[],"categories":[1],"tags":[],"_links":{"self":[{"href":"https:\/\/blog.ilgiornale.it\/ruzzo\/wp-json\/wp\/v2\/posts\/25636"}],"collection":[{"href":"https:\/\/blog.ilgiornale.it\/ruzzo\/wp-json\/wp\/v2\/posts"}],"about":[{"href":"https:\/\/blog.ilgiornale.it\/ruzzo\/wp-json\/wp\/v2\/types\/post"}],"author":[{"embeddable":true,"href":"https:\/\/blog.ilgiornale.it\/ruzzo\/wp-json\/wp\/v2\/users\/956"}],"replies":[{"embeddable":true,"href":"https:\/\/blog.ilgiornale.it\/ruzzo\/wp-json\/wp\/v2\/comments?post=25636"}],"version-history":[{"count":3,"href":"https:\/\/blog.ilgiornale.it\/ruzzo\/wp-json\/wp\/v2\/posts\/25636\/revisions"}],"predecessor-version":[{"id":25642,"href":"https:\/\/blog.ilgiornale.it\/ruzzo\/wp-json\/wp\/v2\/posts\/25636\/revisions\/25642"}],"wp:attachment":[{"href":"https:\/\/blog.ilgiornale.it\/ruzzo\/wp-json\/wp\/v2\/media?parent=25636"}],"wp:term":[{"taxonomy":"category","embeddable":true,"href":"https:\/\/blog.ilgiornale.it\/ruzzo\/wp-json\/wp\/v2\/categories?post=25636"},{"taxonomy":"post_tag","embeddable":true,"href":"https:\/\/blog.ilgiornale.it\/ruzzo\/wp-json\/wp\/v2\/tags?post=25636"}],"curies":[{"name":"wp","href":"https:\/\/api.w.org\/{rel}","templated":true}]}}