{"id":25665,"date":"2019-02-20T16:29:43","date_gmt":"2019-02-20T15:29:43","guid":{"rendered":"https:\/\/blog.ilgiornale.it\/ruzzo\/?p=25665"},"modified":"2019-02-20T16:33:48","modified_gmt":"2019-02-20T15:33:48","slug":"la-versace-e-wondergiusy-la-disabilita-e-solo-negli-occhi-di-chi-guarda","status":"publish","type":"post","link":"https:\/\/blog.ilgiornale.it\/ruzzo\/2019\/02\/20\/la-versace-e-wondergiusy-la-disabilita-e-solo-negli-occhi-di-chi-guarda\/","title":{"rendered":"Versace \u00e8 WonderGiusy: &#8220;La disabilit\u00e0 \u00e8 negli occhi di chi guarda&#8230;&#8221;"},"content":{"rendered":"<p><a href=\"https:\/\/blog.ilgiornale.it\/ruzzo\/files\/2019\/02\/versa.jpg\"><img loading=\"lazy\" class=\"alignleft size-medium wp-image-25666\" src=\"https:\/\/blog.ilgiornale.it\/ruzzo\/files\/2019\/02\/versa-300x282.jpg\" alt=\"versa\" width=\"300\" height=\"282\" srcset=\"https:\/\/blog.ilgiornale.it\/ruzzo\/files\/2019\/02\/versa-300x282.jpg 300w, https:\/\/blog.ilgiornale.it\/ruzzo\/files\/2019\/02\/versa.jpg 753w\" sizes=\"(max-width: 300px) 100vw, 300px\" \/><\/a>\u00abDedicato a tutti i bambini che mi hanno regalato un sorriso e che, a volte, hanno visto in me un punto di riferimento. Grazie a loro ho capito che la disabilit\u00e0 sta solo negli occhi di chi guarda&#8230;\u00bb.\u00a0<strong>Giusy Versace<\/strong> \u00e8 tante cose insieme: atleta, ballerina, scrittrice, ambasciatrice nel mondo della Grande Milano, deputata di Forza Italia ed ora anche <strong>\u00abWonderGiusy\u00bb<\/strong> protagonista ed autrice del nuovo libro edito da Mondadori presentato poche sere fa\u00a0 alla Fondazione Stelline. Una \u00abnovella\u00bb che narra la storia di Hater, un disabile rancoroso che dopo aver perso il braccio decide di prendersela col mondo ed \u00e8 sempre pronto a sabotare le \u00abmissioni sorriso\u00bb di WonderGiusy e Chris, un bimbo emarginato dai suoi amici da quando \u00e8 costretto su una sedia a rotelle. \u00abL\u2019ho scritto per educare alla speranza e al coraggio &#8211; spiega &#8211; per fa capire che anche se si resta senza le gambe la vita continua, che non bisogna rimpiangere ci\u00f2 che si \u00e8 perso ma ci\u00f2 che \u00e8 rimasto. E ricominciare\u00bb.\u00a0\u00a0E lo sport in questo senso \u00e8 la migliore palestra anche senza necessariamente arrivare ad un\u2019olimpiade, anzi due come \u00e8 capitato alla Versace presente sia ai Giochi di Londra nel 2012, sia a quelli di Rio tre anni fa: \u00abLo sport paralimpico non \u00e8 un capriccio- racconta- per molti ragazzi disabili \u00e8 l\u2019unico modo per uscire di casa, per ricominciare a fare i conti con una vita che ha preso un\u2019altra direzione. Per me dopo lo schianto \u00e8 stato cos\u00ec. E io all\u2019inizio in pista ero una \u201cpapera\u201d poi grazie al mio allenatore <strong>Andrea Giannini<\/strong> ho imparato a muovermi, a correre e poi a vincere. E si impara anche a cavarsela nella vita di tutti giorni che, nonostante i passi in avanti, per chi \u00e8 su una carrozzina resta complicata. Basta,ad esempio, pensare quanto pu\u00f2 diventare un problema se ti scappa la pip\u00ec nel centro storico di una citt\u00e0&#8230;\u00bb.\u00a0\u00a0L\u2019idea del libro gli l\u2019ha data un bimbo che, mentre si allenava al campo di atletica a Vigevano, le ha chiesto dove fosse il telecomando per far funzionare cos\u00ec bene le protesi e correre cos\u00ec veloce: \u00abMe le sono tolte, gliele ho messe in mano e abbiamo cominciato a chiacchierare- ricorda- Cos\u00ec ho deciso di scrivere una storia rivolgendomi ai bambini perch\u00e9 sono diretti e senza filtri e se crescono con questa cultura dello sport tra qualche tempo la differenza tra sport \u201cnormale\u201d e sport \u201cparalimpico\u201d credo non ci sar\u00e0 pi\u00f9&#8230;\u00bb.<\/p>\n","protected":false},"excerpt":{"rendered":"<p><p>\u00abDedicato a tutti i bambini che mi hanno regalato un sorriso e che, a volte, hanno visto in me un punto di riferimento. Grazie a loro ho capito che la disabilit\u00e0 sta solo negli occhi di chi guarda&#8230;\u00bb.\u00a0Giusy Versace \u00e8 tante cose insieme: atleta, ballerina, scrittrice, ambasciatrice nel mondo della Grande Milano, deputata di Forza Italia ed ora anche \u00abWonderGiusy\u00bb protagonista ed autrice del nuovo libro edito da Mondadori presentato poche sere fa\u00a0 alla Fondazione Stelline. Una \u00abnovella\u00bb che narra la storia di Hater, un disabile rancoroso che dopo aver perso il braccio decide di prendersela col mondo ed \u00e8 [&hellip;]<\/p>\n&nbsp;&nbsp;<div class=\"readmore\"><a href=\"https:\/\/blog.ilgiornale.it\/ruzzo\/2019\/02\/20\/la-versace-e-wondergiusy-la-disabilita-e-solo-negli-occhi-di-chi-guarda\/\">Continua a leggere...<\/a><\/div><\/p>","protected":false},"author":956,"featured_media":0,"comment_status":"open","ping_status":"closed","sticky":false,"template":"","format":"standard","meta":[],"categories":[1],"tags":[],"_links":{"self":[{"href":"https:\/\/blog.ilgiornale.it\/ruzzo\/wp-json\/wp\/v2\/posts\/25665"}],"collection":[{"href":"https:\/\/blog.ilgiornale.it\/ruzzo\/wp-json\/wp\/v2\/posts"}],"about":[{"href":"https:\/\/blog.ilgiornale.it\/ruzzo\/wp-json\/wp\/v2\/types\/post"}],"author":[{"embeddable":true,"href":"https:\/\/blog.ilgiornale.it\/ruzzo\/wp-json\/wp\/v2\/users\/956"}],"replies":[{"embeddable":true,"href":"https:\/\/blog.ilgiornale.it\/ruzzo\/wp-json\/wp\/v2\/comments?post=25665"}],"version-history":[{"count":2,"href":"https:\/\/blog.ilgiornale.it\/ruzzo\/wp-json\/wp\/v2\/posts\/25665\/revisions"}],"predecessor-version":[{"id":25668,"href":"https:\/\/blog.ilgiornale.it\/ruzzo\/wp-json\/wp\/v2\/posts\/25665\/revisions\/25668"}],"wp:attachment":[{"href":"https:\/\/blog.ilgiornale.it\/ruzzo\/wp-json\/wp\/v2\/media?parent=25665"}],"wp:term":[{"taxonomy":"category","embeddable":true,"href":"https:\/\/blog.ilgiornale.it\/ruzzo\/wp-json\/wp\/v2\/categories?post=25665"},{"taxonomy":"post_tag","embeddable":true,"href":"https:\/\/blog.ilgiornale.it\/ruzzo\/wp-json\/wp\/v2\/tags?post=25665"}],"curies":[{"name":"wp","href":"https:\/\/api.w.org\/{rel}","templated":true}]}}