{"id":25675,"date":"2019-02-23T18:30:44","date_gmt":"2019-02-23T17:30:44","guid":{"rendered":"https:\/\/blog.ilgiornale.it\/ruzzo\/?p=25675"},"modified":"2019-02-23T18:30:44","modified_gmt":"2019-02-23T17:30:44","slug":"leroica-di-montalcino-traccia-la-via","status":"publish","type":"post","link":"https:\/\/blog.ilgiornale.it\/ruzzo\/2019\/02\/23\/leroica-di-montalcino-traccia-la-via\/","title":{"rendered":"L&#8217;Eroica di Montalcino &#8220;traccia&#8221; la via&#8230;"},"content":{"rendered":"<p><a href=\"https:\/\/blog.ilgiornale.it\/ruzzo\/files\/2019\/02\/ero.jpg\"><img loading=\"lazy\" class=\"alignright size-medium wp-image-25693\" src=\"https:\/\/blog.ilgiornale.it\/ruzzo\/files\/2019\/02\/ero-300x201.jpg\" alt=\"ero\" width=\"300\" height=\"201\" srcset=\"https:\/\/blog.ilgiornale.it\/ruzzo\/files\/2019\/02\/ero-300x201.jpg 300w, https:\/\/blog.ilgiornale.it\/ruzzo\/files\/2019\/02\/ero.jpg 806w\" sizes=\"(max-width: 300px) 100vw, 300px\" \/><\/a>A volte basta un&#8217;indicazione per farti scoprire un mondo. Per permettere di conoscere luoghi e tracciati senza perdersi. In bici o a piedi non fa differenza. A caccia di angoli meravigliosi che aspettano solo di essere corsi e pedalati a patto di sapere dove andare. Ed \u00e8 poi anche quello il motivo per cui spesso ci si mette un pettorale, per &#8220;approfittare&#8221; delle indicazioni di una gara e andare l\u00e0 dove altrimenti non\u00a0 si arriverebbe . Pi\u00f9 al Nord che al Sud ma vie &#8220;tracciate&#8221; per fortuna ce ne sono, grazie all&#8217;impegno di molte private associazioni, gruppi sportivi, volontari ma anche\u00a0 di qualche amministrazione lungimirante e illuminata che ha capito quanto, anche solo un&#8217;indicazione, possa portare dalle loro parti sportivi e turisti. E cos\u00ec le strade segnate si moltiplicano. Una delle ultime in ordine tempo \u00e8 il <strong>Percorso permanente dell&#8217;Eroica di Montalcino<\/strong>, 153 chilometri di assoluto splendore che sono la via della pedalata storica che ormai va in scena da qualche anno a primavera e che, come \u00e8 gi\u00e0 successo per l&#8217;<strong>Eroica di Gaiole<\/strong> in Chianti, diventeranno luogo di &#8220;processione ciclistica&#8221; in qualsiasi stagione e con qualsiasi compagnia. \u201cIl Percorso permanente di Eroica Montalcino \u00e8 frutto di un lavoro durato un anno \u2013 ha spiegato\u00a0<strong>Alberto Gnoli<\/strong>, presidente di Eroica \u2013 Siamo\u00a0riusciti a creare una fusione naturale fra territorio e percorso e il progetto lo consideriamo un modello per il Governo e le Regioni che stanno per sviluppare un\u2019intensa rete di percorsi ciclabili in tutto il nostro Paese\u201d. Facile verrebbe da dire. Facile quando si pedala tra\u00a0Montalcino, Buonconvento, San Quirico d\u2019Orcia e Pienza. Ma anche se la natura una mano la d\u00e0, il resto bisogna aggiungerlo. E allora il percorso \u00e8 stato\u00a0suddiviso in 12 tappe da vivere come si vuole: in un solo week end oppure tornando a Montalcino e ripartire nei giorni successivi di una vacanza pi\u00f9 lunga.\u00a0 Sul percorso saranno previsti alcuni punti di assistenza, realizzati recuperando i classici \u00a0\u201ccasottini\u201d\u00a0 che si trovano tra queste campagne oppure in aree messe a disposizione dalle aziende private che aderiscono al progetto: serviranno per poter riparare in caso di guasto, per il parcheggio, per il riparo,\u00a0 per la ricarica delle biciclette a pedalata assistita. I chilometri di strada asfaltata saranno 81 mentre\u00a0 72 saranno su strade bianche\u00a0 nei tratti di Val di Cava, Ripa d\u2019Orcia, Selvoli, Le Regge, Traversa dei Monti, Pieve a Salti, La Piana, Castiglion del Bosco, La Maremmana, Monteano e Sesta. La segnaletica sar\u00e0 particolareggiata e non si lmiter\u00e0 ad indicare luoghi e chilometri ma dar\u00e0 anche informazioni tursitiche sui luoghi che si stanno attraversando e verr\u00e0 integrata da una &#8221; app&#8221;\u00a0 del Consorzio del Brunello. E ancora una volta l&#8217;Eroica segna con buon anticipo qual \u00e8 la strada da seguire&#8230;<\/p>\n","protected":false},"excerpt":{"rendered":"<p><p>A volte basta un&#8217;indicazione per farti scoprire un mondo. Per permettere di conoscere luoghi e tracciati senza perdersi. In bici o a piedi non fa differenza. A caccia di angoli meravigliosi che aspettano solo di essere corsi e pedalati a patto di sapere dove andare. Ed \u00e8 poi anche quello il motivo per cui spesso ci si mette un pettorale, per &#8220;approfittare&#8221; delle indicazioni di una gara e andare l\u00e0 dove altrimenti non\u00a0 si arriverebbe . Pi\u00f9 al Nord che al Sud ma vie &#8220;tracciate&#8221; per fortuna ce ne sono, grazie all&#8217;impegno di molte private associazioni, gruppi sportivi, volontari ma [&hellip;]<\/p>\n&nbsp;&nbsp;<div class=\"readmore\"><a href=\"https:\/\/blog.ilgiornale.it\/ruzzo\/2019\/02\/23\/leroica-di-montalcino-traccia-la-via\/\">Continua a leggere...<\/a><\/div><\/p>","protected":false},"author":956,"featured_media":0,"comment_status":"open","ping_status":"closed","sticky":false,"template":"","format":"standard","meta":[],"categories":[1],"tags":[],"_links":{"self":[{"href":"https:\/\/blog.ilgiornale.it\/ruzzo\/wp-json\/wp\/v2\/posts\/25675"}],"collection":[{"href":"https:\/\/blog.ilgiornale.it\/ruzzo\/wp-json\/wp\/v2\/posts"}],"about":[{"href":"https:\/\/blog.ilgiornale.it\/ruzzo\/wp-json\/wp\/v2\/types\/post"}],"author":[{"embeddable":true,"href":"https:\/\/blog.ilgiornale.it\/ruzzo\/wp-json\/wp\/v2\/users\/956"}],"replies":[{"embeddable":true,"href":"https:\/\/blog.ilgiornale.it\/ruzzo\/wp-json\/wp\/v2\/comments?post=25675"}],"version-history":[{"count":2,"href":"https:\/\/blog.ilgiornale.it\/ruzzo\/wp-json\/wp\/v2\/posts\/25675\/revisions"}],"predecessor-version":[{"id":25694,"href":"https:\/\/blog.ilgiornale.it\/ruzzo\/wp-json\/wp\/v2\/posts\/25675\/revisions\/25694"}],"wp:attachment":[{"href":"https:\/\/blog.ilgiornale.it\/ruzzo\/wp-json\/wp\/v2\/media?parent=25675"}],"wp:term":[{"taxonomy":"category","embeddable":true,"href":"https:\/\/blog.ilgiornale.it\/ruzzo\/wp-json\/wp\/v2\/categories?post=25675"},{"taxonomy":"post_tag","embeddable":true,"href":"https:\/\/blog.ilgiornale.it\/ruzzo\/wp-json\/wp\/v2\/tags?post=25675"}],"curies":[{"name":"wp","href":"https:\/\/api.w.org\/{rel}","templated":true}]}}