{"id":25677,"date":"2019-02-21T17:43:34","date_gmt":"2019-02-21T16:43:34","guid":{"rendered":"https:\/\/blog.ilgiornale.it\/ruzzo\/?p=25677"},"modified":"2019-02-21T18:34:28","modified_gmt":"2019-02-21T17:34:28","slug":"pescara-addio-anche-ironman-70-3-va-a-cervia","status":"publish","type":"post","link":"https:\/\/blog.ilgiornale.it\/ruzzo\/2019\/02\/21\/pescara-addio-anche-ironman-70-3-va-a-cervia\/","title":{"rendered":"Pescara addio, anche Ironman 70.3 va a Cervia"},"content":{"rendered":"<p><a href=\"https:\/\/blog.ilgiornale.it\/ruzzo\/files\/2019\/02\/iro.jpg\"><img loading=\"lazy\" class=\"alignleft size-medium wp-image-25681\" src=\"https:\/\/blog.ilgiornale.it\/ruzzo\/files\/2019\/02\/iro-300x183.jpg\" alt=\"iro\" width=\"300\" height=\"183\" srcset=\"https:\/\/blog.ilgiornale.it\/ruzzo\/files\/2019\/02\/iro-300x183.jpg 300w, https:\/\/blog.ilgiornale.it\/ruzzo\/files\/2019\/02\/iro-1024x626.jpg 1024w, https:\/\/blog.ilgiornale.it\/ruzzo\/files\/2019\/02\/iro.jpg 1356w\" sizes=\"(max-width: 300px) 100vw, 300px\" \/><\/a>Cervia punta grosso sul triathlon. Ci scommette e ci investe e quindi diventa un po&#8217; la calamita che attira a s\u00e8 eventi e appassionati. Cos\u00ec dopo il trasloco da Milano del <strong>Gal\u00e0 del triathlon<\/strong> che quest&#8217;anno si svolger\u00e0 nella citt\u00e0 romagnola ai magazzini del Sale dal 22 al 24 marzo con un bel corollario di appuntamenti e gare, ad aggiungersi all&#8217;<strong>Ironman Italy<\/strong> che si correr\u00e0 sabato 21 settembre, arriva anche\u00a0 il 70.3 che si sposta armi e bagagli da Pescara per arrivare domenica 22 sulle spiagge e sulle strade di questa localit\u00e0 che i coloni greci fondarono sulla via delle sale. Ironman raddoppia quindi, in un fine settimana tutto dedicato ai triatleti che inseguono la gloria e il mito degli uomini d&#8217;acciaio. &#8221; Siamo emozionati nell\u2019annunciare questa nuova opportunit\u00e0 che vede il 70.3 Italy 2019 svolgersi in Emilia -Romagna- spiegano gli organizzatori- E stiamo creando\u00a0uno dei pi\u00f9 grandi weekend di triathlon in Italia che punta a coinvolgere atleti e famiglie:\u00a0 sar\u00e0 una distanza adatta a tutti potendo scegliere tra Night Run, 5150 Cervia Triathlon, Ironman 70.3 Italy Emilia-Romagna e Ironman Italy Emilia-Romagna&#8221;.\u00a0 Tre giorni di sport a 360 gradi che sono anche un investimento turistico:<b>\u00a0<\/b>\u201cCon l\u2019Ironman 70.3 sempre di pi\u00f9 il nostro territorio nel mese di settembre sar\u00e0 teatro di grande sport\u00a0 \u2013 dichiara il sindaco di Cervia<strong> Luca Coffari\u00a0<\/strong> &#8211; Un ulteriore elemento di valorizzazione la citt\u00e0 e per tutte le terre del triathlon\u00a0 da Ravenna a Cesena, Forl\u00ec, Forlimpopoli e Bertinori. Significher\u00e0 per noi un ulteriore incremento di arrivi e presenze di atleti e pubblico, occasione di vivacit\u00e0 del territorio in un momento in cui l\u2019attenzione dei turisti normalmente e fisiologicamente rallenta&#8230;&#8221;. Ma se Cervia esulta Pescara lo fa un po&#8217; meno, sorpresa da un trasloco che forse non si aspettava:\u201dLa notizia che Ironman 70.3 Italy trasloca dalla nostra citt\u00e0 ci lascia sorpresi e\u00a0 perplessi- spiega il sindaco abruzzese <strong>Marco Alessandrini<\/strong>&#8211;\u00a0\u00a0\u00a0Sorpresi perch\u00e9 l\u2019abbiamo appresa a mezzo stampa e perplessi perch\u00e8 non comprendiamo in pieno le ragioni di una scelta\u00a0 che di certo finisce col penalizzare la nostra citt\u00e0, che aveva storicizzato la presenza della kermesse durante ben otto edizioni consecutive e ne era diventata l\u2019avamposto italiano&#8221;. L&#8217;obbiettivo per\u00f2 pare abbastanza chiaro: mettere insieme tutte le manifestazioni in un unico, spettacolare , evento che vuole diventare\u00a0nei prossimi anni un vero e proprio Ironman Festival con pi\u00f9 competizioni, eleggendo\u00a0 Cervia e la Romagna\u00a0 capitale italiana del triathlon italiano.<\/p>\n<p><strong>Foto:\u00a0 Carlo Morgagni<\/strong><\/p>\n","protected":false},"excerpt":{"rendered":"<p><p>Cervia punta grosso sul triathlon. Ci scommette e ci investe e quindi diventa un po&#8217; la calamita che attira a s\u00e8 eventi e appassionati. Cos\u00ec dopo il trasloco da Milano del Gal\u00e0 del triathlon che quest&#8217;anno si svolger\u00e0 nella citt\u00e0 romagnola ai magazzini del Sale dal 22 al 24 marzo con un bel corollario di appuntamenti e gare, ad aggiungersi all&#8217;Ironman Italy che si correr\u00e0 sabato 21 settembre, arriva anche\u00a0 il 70.3 che si sposta armi e bagagli da Pescara per arrivare domenica 22 sulle spiagge e sulle strade di questa localit\u00e0 che i coloni greci fondarono sulla via delle [&hellip;]<\/p>\n&nbsp;&nbsp;<div class=\"readmore\"><a href=\"https:\/\/blog.ilgiornale.it\/ruzzo\/2019\/02\/21\/pescara-addio-anche-ironman-70-3-va-a-cervia\/\">Continua a leggere...<\/a><\/div><\/p>","protected":false},"author":956,"featured_media":0,"comment_status":"open","ping_status":"closed","sticky":false,"template":"","format":"standard","meta":[],"categories":[1],"tags":[],"_links":{"self":[{"href":"https:\/\/blog.ilgiornale.it\/ruzzo\/wp-json\/wp\/v2\/posts\/25677"}],"collection":[{"href":"https:\/\/blog.ilgiornale.it\/ruzzo\/wp-json\/wp\/v2\/posts"}],"about":[{"href":"https:\/\/blog.ilgiornale.it\/ruzzo\/wp-json\/wp\/v2\/types\/post"}],"author":[{"embeddable":true,"href":"https:\/\/blog.ilgiornale.it\/ruzzo\/wp-json\/wp\/v2\/users\/956"}],"replies":[{"embeddable":true,"href":"https:\/\/blog.ilgiornale.it\/ruzzo\/wp-json\/wp\/v2\/comments?post=25677"}],"version-history":[{"count":5,"href":"https:\/\/blog.ilgiornale.it\/ruzzo\/wp-json\/wp\/v2\/posts\/25677\/revisions"}],"predecessor-version":[{"id":25684,"href":"https:\/\/blog.ilgiornale.it\/ruzzo\/wp-json\/wp\/v2\/posts\/25677\/revisions\/25684"}],"wp:attachment":[{"href":"https:\/\/blog.ilgiornale.it\/ruzzo\/wp-json\/wp\/v2\/media?parent=25677"}],"wp:term":[{"taxonomy":"category","embeddable":true,"href":"https:\/\/blog.ilgiornale.it\/ruzzo\/wp-json\/wp\/v2\/categories?post=25677"},{"taxonomy":"post_tag","embeddable":true,"href":"https:\/\/blog.ilgiornale.it\/ruzzo\/wp-json\/wp\/v2\/tags?post=25677"}],"curies":[{"name":"wp","href":"https:\/\/api.w.org\/{rel}","templated":true}]}}