{"id":25716,"date":"2019-03-01T20:19:25","date_gmt":"2019-03-01T19:19:25","guid":{"rendered":"https:\/\/blog.ilgiornale.it\/ruzzo\/?p=25716"},"modified":"2019-03-01T20:19:25","modified_gmt":"2019-03-01T19:19:25","slug":"jovanotti-e-bennati-in-bici-accendono-le-luci","status":"publish","type":"post","link":"https:\/\/blog.ilgiornale.it\/ruzzo\/2019\/03\/01\/jovanotti-e-bennati-in-bici-accendono-le-luci\/","title":{"rendered":"Jovanotti e Bennati in bici accendono le luci"},"content":{"rendered":"<p><a href=\"https:\/\/blog.ilgiornale.it\/ruzzo\/files\/2019\/03\/jova.jpg\"><img loading=\"lazy\" class=\"alignright size-medium wp-image-25717\" src=\"https:\/\/blog.ilgiornale.it\/ruzzo\/files\/2019\/03\/jova-300x166.jpg\" alt=\"jova\" width=\"300\" height=\"166\" srcset=\"https:\/\/blog.ilgiornale.it\/ruzzo\/files\/2019\/03\/jova-300x166.jpg 300w, https:\/\/blog.ilgiornale.it\/ruzzo\/files\/2019\/03\/jova.jpg 616w\" sizes=\"(max-width: 300px) 100vw, 300px\" \/><\/a>&#8220;La bicicletta \u00e8 un mezzo meraviglioso. Usarla \u00e8 un bene per noi e anche per chi non l&#8217;adopera, per la nostra salute, il pianeta, l&#8217;ambiente, insomma per tutti&#8230;&#8221; racconta <strong>Jovanotti<\/strong> in un video postato sui suoi canali social. L&#8217;occasione \u00e8 l&#8217;incontro con\u00a0 il velocista <strong>Daniele Bennati,<\/strong> la &#8220;pantera&#8221; della Movistar che\u00a0 gli monta le luci anteriore e posteriore sulla sua bici. #LuciAcceseAncheDiGiorno \u00e8 il motto che spinge i due amici in sella, che sensibilizzano chi pedala a farlo in sicurezza e chi \u00e8 al volante ad avere attenzione e rispetto per gli utenti pi\u00f9 deboli della strada. \u00abIeri mattina\u00a0 l&#8217;ho incontrato lungo la statale che unisce Cortona a Castiglion Fiorentino- spiega\u00a0<strong>Jovanotti<\/strong>&#8211; e mi ha regalato\u00a0un piccolo kit luminoso che aumenta il livello di sicurezza dei ciclisti rendendoci pi\u00f9 visibili soprattutto di giorno&#8230;&#8221; Un gesto che significa per\u00f2 sostenere la campagna promossa da <strong>Marco Scarponi<\/strong>\u00a0 e da tutto il mondo dei ciclisti professionisti, appassionati, amatori, dilettanti e insomma tutti quelli che si muovono in bici. &#8220;Questa lucina \u00e8 poca cosa ma pu\u00f2 essere utile- spiega il cantautore- sopratutto \u00e8 utile che ognuno, automobilista e ciclista, rispetti lo spazio della strada dove sta viaggiando e faccia attenzione sempre, senza mandare sms o parlare al telefono alla guida o cazzate di questo tipo, che sono pericolosissime. E anche i ciclisti, quando siete insieme mai affiancati per parlare ma sempre in fila, \u00e8 importante rispettare gli spazi nelle strade in cui devono convivere bici e auto\u00bb. Per rendere le strade d\u2019Italia pi\u00f9 sicure per tutti gli utenti, in particolare i pi\u00f9 fragili in sella a una bicicletta, compreso il celebre cantante e il suo amico che si allena ogni giorno per lavoro, l\u2019Associazione Corridori Ciclisti Professionisti Italiani con <strong>Fondazione Michele Scarponi e Marina Romoli Onlus<\/strong> vi invita a sottoscrivere la petizione #SiamoSullaStessaStrada: change.org\/SiamoSullaStessaStrada.<\/p>\n","protected":false},"excerpt":{"rendered":"<p><p>&#8220;La bicicletta \u00e8 un mezzo meraviglioso. Usarla \u00e8 un bene per noi e anche per chi non l&#8217;adopera, per la nostra salute, il pianeta, l&#8217;ambiente, insomma per tutti&#8230;&#8221; racconta Jovanotti in un video postato sui suoi canali social. L&#8217;occasione \u00e8 l&#8217;incontro con\u00a0 il velocista Daniele Bennati, la &#8220;pantera&#8221; della Movistar che\u00a0 gli monta le luci anteriore e posteriore sulla sua bici. #LuciAcceseAncheDiGiorno \u00e8 il motto che spinge i due amici in sella, che sensibilizzano chi pedala a farlo in sicurezza e chi \u00e8 al volante ad avere attenzione e rispetto per gli utenti pi\u00f9 deboli della strada. \u00abIeri mattina\u00a0 l&#8217;ho [&hellip;]<\/p>\n&nbsp;&nbsp;<div class=\"readmore\"><a href=\"https:\/\/blog.ilgiornale.it\/ruzzo\/2019\/03\/01\/jovanotti-e-bennati-in-bici-accendono-le-luci\/\">Continua a leggere...<\/a><\/div><\/p>","protected":false},"author":956,"featured_media":0,"comment_status":"open","ping_status":"closed","sticky":false,"template":"","format":"standard","meta":[],"categories":[1],"tags":[],"_links":{"self":[{"href":"https:\/\/blog.ilgiornale.it\/ruzzo\/wp-json\/wp\/v2\/posts\/25716"}],"collection":[{"href":"https:\/\/blog.ilgiornale.it\/ruzzo\/wp-json\/wp\/v2\/posts"}],"about":[{"href":"https:\/\/blog.ilgiornale.it\/ruzzo\/wp-json\/wp\/v2\/types\/post"}],"author":[{"embeddable":true,"href":"https:\/\/blog.ilgiornale.it\/ruzzo\/wp-json\/wp\/v2\/users\/956"}],"replies":[{"embeddable":true,"href":"https:\/\/blog.ilgiornale.it\/ruzzo\/wp-json\/wp\/v2\/comments?post=25716"}],"version-history":[{"count":1,"href":"https:\/\/blog.ilgiornale.it\/ruzzo\/wp-json\/wp\/v2\/posts\/25716\/revisions"}],"predecessor-version":[{"id":25718,"href":"https:\/\/blog.ilgiornale.it\/ruzzo\/wp-json\/wp\/v2\/posts\/25716\/revisions\/25718"}],"wp:attachment":[{"href":"https:\/\/blog.ilgiornale.it\/ruzzo\/wp-json\/wp\/v2\/media?parent=25716"}],"wp:term":[{"taxonomy":"category","embeddable":true,"href":"https:\/\/blog.ilgiornale.it\/ruzzo\/wp-json\/wp\/v2\/categories?post=25716"},{"taxonomy":"post_tag","embeddable":true,"href":"https:\/\/blog.ilgiornale.it\/ruzzo\/wp-json\/wp\/v2\/tags?post=25716"}],"curies":[{"name":"wp","href":"https:\/\/api.w.org\/{rel}","templated":true}]}}