{"id":25940,"date":"2019-04-06T18:23:07","date_gmt":"2019-04-06T16:23:07","guid":{"rendered":"https:\/\/blog.ilgiornale.it\/ruzzo\/?p=25940"},"modified":"2019-04-06T18:48:47","modified_gmt":"2019-04-06T16:48:47","slug":"milanesi-felici-per-i-giochi-poi-insultano-i-maratoneti","status":"publish","type":"post","link":"https:\/\/blog.ilgiornale.it\/ruzzo\/2019\/04\/06\/milanesi-felici-per-i-giochi-poi-insultano-i-maratoneti\/","title":{"rendered":"Milanesi felici per i Giochi&#8230;Poi insultano i maratoneti"},"content":{"rendered":"<p>Nove milanesi su dieci sono favorevoli alle olimpiadi che Milano potrebbe organizzare con Cortina nel 2026 se le verranno assegnate il 24 di giugno a Losanna. \u00c9 una piacevole sorpresa scoprire che nel sondaggio del Comitato olimpico internazionale\u00a0 la citt\u00e0 sia entusiasta, non veda l\u2019ora di ospitare un evento sportivo, di applaudire, seguire, partecipare. Siamo tra l\u2019altro molto pi\u00f9 felici degli svedesi\u00a0 di Stoccolma che, alla stessa domanda, hanno dato un gradimento del 55 per cento. Evviva quindi, non c\u2019\u00e8 partita\u00a0 con quei \u201cparrucconi\u201d del Nord che evidentemente non hanno cultura sportiva. A \u00abchiacchiere\u00bb non ci batte nessuno. A chiacchiere siamo tutti sportivi, ospitali, tolleranti, plaudenti e felici\u00a0 di esserci. Poi per\u00f2 lo sport arriva davvero in citt\u00e0 e allora le cose si complicano: il motto diventa\u00a0 viva lo sport ma \u00abnon nel mio giardino\u00bb. Milano da questo punto di vista non ha un storia esemplare. Pi\u00f9 dei sondaggi parlano i fatti. Anni fa, quando al Parco Sempione arriv\u00f2 la Coppa del mondo di sci di fondo con tanto di campioni e decine di televisioni collegate, fin\u00ec in polemica. Con chi si lamentava perch\u00e8 gli sciatori si erano impossessati del parco, perch\u00e8 la neve artificiale che l\u2019organizzazione aveva poi lasciato ai milanesi per sciare gratis rovinava le aiuole e perch\u00e8 non si poteva pi\u00f9 portare a passeggio il cane. Idem l\u2019anno scorso per la Formula Uno alla Darsena: troppo rumore, troppo smog, troppo tutto. Del Giro d\u2019Italia meglio non parlare. In Francia, la tappa dei Campi Elisi \u00e8 tradizione nazionale, un giorno di festa in cui la citt\u00e0 si ferma e guai a chi la tocca. Qui da noi\u00a0 non si vede l\u2019ora che Nibali e compagni tolgano il disturbo per poi sbaraccare tutto nel minor tempo possibile e riprendere a scorrazzare in auto o tornare tranquillamente a far shopping in centro. L\u2019esperienza insegna che bisogna sempre diffidare un po\u2019 dei sondaggi, come degli exit poll in politica, perch\u00e8 uno poi dice una cosa e ne fa un\u2019altra. Cos\u00ec, tanto per smentire questa maldicenza, quei nove milanesi ( su dieci) che non vedono l\u2019ora che di applaudire i Giochi comincino domattina a farlo.\u00a0 Domattina si corre la maratona di Milano. La maratona \u00e8 quanto di pi\u00f9 alto un\u2019olimpiade possa esprimere a prescindere dalle stagioni. Un rito magico come succede a NewYork, a Londra a Parigi. Da noi invece ancora ci si insulta agli incroci. Ecco comincino domattina ad applaudire. Comincino a dimostrare nei fatti che siamo pronti e tutti un po\u2019 pi\u00f9 credibili\u2026<\/p>\n","protected":false},"excerpt":{"rendered":"<p><p>Nove milanesi su dieci sono favorevoli alle olimpiadi che Milano potrebbe organizzare con Cortina nel 2026 se le verranno assegnate il 24 di giugno a Losanna. \u00c9 una piacevole sorpresa scoprire che nel sondaggio del Comitato olimpico internazionale\u00a0 la citt\u00e0 sia entusiasta, non veda l\u2019ora di ospitare un evento sportivo, di applaudire, seguire, partecipare. Siamo tra l\u2019altro molto pi\u00f9 felici degli svedesi\u00a0 di Stoccolma che, alla stessa domanda, hanno dato un gradimento del 55 per cento. Evviva quindi, non c\u2019\u00e8 partita\u00a0 con quei \u201cparrucconi\u201d del Nord che evidentemente non hanno cultura sportiva. A \u00abchiacchiere\u00bb non ci batte nessuno. A chiacchiere [&hellip;]<\/p>\n&nbsp;&nbsp;<div class=\"readmore\"><a href=\"https:\/\/blog.ilgiornale.it\/ruzzo\/2019\/04\/06\/milanesi-felici-per-i-giochi-poi-insultano-i-maratoneti\/\">Continua a leggere...<\/a><\/div><\/p>","protected":false},"author":956,"featured_media":0,"comment_status":"open","ping_status":"closed","sticky":false,"template":"","format":"standard","meta":[],"categories":[1],"tags":[],"_links":{"self":[{"href":"https:\/\/blog.ilgiornale.it\/ruzzo\/wp-json\/wp\/v2\/posts\/25940"}],"collection":[{"href":"https:\/\/blog.ilgiornale.it\/ruzzo\/wp-json\/wp\/v2\/posts"}],"about":[{"href":"https:\/\/blog.ilgiornale.it\/ruzzo\/wp-json\/wp\/v2\/types\/post"}],"author":[{"embeddable":true,"href":"https:\/\/blog.ilgiornale.it\/ruzzo\/wp-json\/wp\/v2\/users\/956"}],"replies":[{"embeddable":true,"href":"https:\/\/blog.ilgiornale.it\/ruzzo\/wp-json\/wp\/v2\/comments?post=25940"}],"version-history":[{"count":3,"href":"https:\/\/blog.ilgiornale.it\/ruzzo\/wp-json\/wp\/v2\/posts\/25940\/revisions"}],"predecessor-version":[{"id":25943,"href":"https:\/\/blog.ilgiornale.it\/ruzzo\/wp-json\/wp\/v2\/posts\/25940\/revisions\/25943"}],"wp:attachment":[{"href":"https:\/\/blog.ilgiornale.it\/ruzzo\/wp-json\/wp\/v2\/media?parent=25940"}],"wp:term":[{"taxonomy":"category","embeddable":true,"href":"https:\/\/blog.ilgiornale.it\/ruzzo\/wp-json\/wp\/v2\/categories?post=25940"},{"taxonomy":"post_tag","embeddable":true,"href":"https:\/\/blog.ilgiornale.it\/ruzzo\/wp-json\/wp\/v2\/tags?post=25940"}],"curies":[{"name":"wp","href":"https:\/\/api.w.org\/{rel}","templated":true}]}}