{"id":25960,"date":"2019-04-11T09:47:41","date_gmt":"2019-04-11T07:47:41","guid":{"rendered":"https:\/\/blog.ilgiornale.it\/ruzzo\/?p=25960"},"modified":"2019-04-11T09:47:41","modified_gmt":"2019-04-11T07:47:41","slug":"il-miracolo-della-granfondo-don-guanella","status":"publish","type":"post","link":"https:\/\/blog.ilgiornale.it\/ruzzo\/2019\/04\/11\/il-miracolo-della-granfondo-don-guanella\/","title":{"rendered":"Il miracolo della Granfondo don Guanella"},"content":{"rendered":"<p><a href=\"https:\/\/blog.ilgiornale.it\/ruzzo\/files\/2019\/04\/gua.jpg\"><img loading=\"lazy\" class=\"alignleft size-medium wp-image-25961\" src=\"https:\/\/blog.ilgiornale.it\/ruzzo\/files\/2019\/04\/gua-300x199.jpg\" alt=\"gua\" width=\"300\" height=\"199\" srcset=\"https:\/\/blog.ilgiornale.it\/ruzzo\/files\/2019\/04\/gua-300x199.jpg 300w, https:\/\/blog.ilgiornale.it\/ruzzo\/files\/2019\/04\/gua.jpg 828w\" sizes=\"(max-width: 300px) 100vw, 300px\" \/><\/a>E&#8217; tutto pronto o quasi per la festa. Perch\u00e8 \u00e8 sempre una festa la Granfondo don Guanella che si corre domenica tra Valmadrera, il lago di Como, i colli della Brianza e il Ghisallo. Una festa sui pedali per un centinaio di chilometri su un percorso tosto ma che sembra fatto apposto per andare in bici e una festa alla fine tra pranzo e brindisi ,perch\u00e8 cos\u00ec sin usa nella Cascina di agricoltura sociale messa in piedi da Don Agostino che ovviamente sar\u00e0 in gara. Il via \u00e8 alle\u00a0 8,30\u00a0 con pi\u00f9 di un migliaio di appassionati\u00a0 che partiranno dal\u00a0 lungolago di Malgrate. Fra di loro, come avevano promesso\u00a0 ci saranno <strong>Cadel Evans,<\/strong> il campione australiano, l\u2019indomabile \u201cDiablo\u201d <strong>Claudio Chiappucci<\/strong> e \u201cGB\u201d <strong>Baronchelli,<\/strong>\u00a0 che in tre fanno un bel pezzo di storia del ciclismo e che sono da sempre grandi amici di Cascina don Guanella. Una Granfondo\u00a0 spettacolare ma non proprio una passeggiata con un buon dislivello che proporr\u00e0\u00a0 anche il passaggio attraverso alcuni tra i pi\u00f9 bei colli della Brianza, per poi giungere a Valmadrera, con il traguardo che anche quest\u2019anno sar\u00e0 posto nella Cascina dove Don Agostino d\u00e0 ospitalit\u00e0 e lavoro ai ragazzi della comunit\u00e0 don Guanella.\u00a0 E cos\u00ec mentre il gruppo pedala i ragazzi\u00a0 del Don preparano la giusta accoglienza per i ciclisti, le loro famiglie, i volontari e quanti vorranno partecipare e vedere di persona il progetto di agricoltura sociale che ha trasformato una collina di rovi in un luogo di terrazze, di viti, ulivi, di coltivazioni e attivit\u00e0 di ristoro.\u00a0 Sembra un miracolo e forse un po&#8217; lo \u00e8 anche se a fare la differenza\u00a0 qui c&#8217;\u00e8 il tanto lavoro, la volont\u00e0 e la speranza di dare a chi lo chiede un approdo spiegandogli nei fatti per\u00f2 che non \u00e8 gratis e va conquistato. Come in bici quando ci si trova di fronte a una salita. Si fa una fatica boia ad andar s\u00f9 ma ne vale sempre la pena&#8230;<\/p>\n","protected":false},"excerpt":{"rendered":"<p><p>E&#8217; tutto pronto o quasi per la festa. Perch\u00e8 \u00e8 sempre una festa la Granfondo don Guanella che si corre domenica tra Valmadrera, il lago di Como, i colli della Brianza e il Ghisallo. Una festa sui pedali per un centinaio di chilometri su un percorso tosto ma che sembra fatto apposto per andare in bici e una festa alla fine tra pranzo e brindisi ,perch\u00e8 cos\u00ec sin usa nella Cascina di agricoltura sociale messa in piedi da Don Agostino che ovviamente sar\u00e0 in gara. Il via \u00e8 alle\u00a0 8,30\u00a0 con pi\u00f9 di un migliaio di appassionati\u00a0 che partiranno dal\u00a0 [&hellip;]<\/p>\n&nbsp;&nbsp;<div class=\"readmore\"><a href=\"https:\/\/blog.ilgiornale.it\/ruzzo\/2019\/04\/11\/il-miracolo-della-granfondo-don-guanella\/\">Continua a leggere...<\/a><\/div><\/p>","protected":false},"author":956,"featured_media":0,"comment_status":"open","ping_status":"closed","sticky":false,"template":"","format":"standard","meta":[],"categories":[1],"tags":[],"_links":{"self":[{"href":"https:\/\/blog.ilgiornale.it\/ruzzo\/wp-json\/wp\/v2\/posts\/25960"}],"collection":[{"href":"https:\/\/blog.ilgiornale.it\/ruzzo\/wp-json\/wp\/v2\/posts"}],"about":[{"href":"https:\/\/blog.ilgiornale.it\/ruzzo\/wp-json\/wp\/v2\/types\/post"}],"author":[{"embeddable":true,"href":"https:\/\/blog.ilgiornale.it\/ruzzo\/wp-json\/wp\/v2\/users\/956"}],"replies":[{"embeddable":true,"href":"https:\/\/blog.ilgiornale.it\/ruzzo\/wp-json\/wp\/v2\/comments?post=25960"}],"version-history":[{"count":1,"href":"https:\/\/blog.ilgiornale.it\/ruzzo\/wp-json\/wp\/v2\/posts\/25960\/revisions"}],"predecessor-version":[{"id":25962,"href":"https:\/\/blog.ilgiornale.it\/ruzzo\/wp-json\/wp\/v2\/posts\/25960\/revisions\/25962"}],"wp:attachment":[{"href":"https:\/\/blog.ilgiornale.it\/ruzzo\/wp-json\/wp\/v2\/media?parent=25960"}],"wp:term":[{"taxonomy":"category","embeddable":true,"href":"https:\/\/blog.ilgiornale.it\/ruzzo\/wp-json\/wp\/v2\/categories?post=25960"},{"taxonomy":"post_tag","embeddable":true,"href":"https:\/\/blog.ilgiornale.it\/ruzzo\/wp-json\/wp\/v2\/tags?post=25960"}],"curies":[{"name":"wp","href":"https:\/\/api.w.org\/{rel}","templated":true}]}}