{"id":25971,"date":"2019-04-14T11:06:46","date_gmt":"2019-04-14T09:06:46","guid":{"rendered":"https:\/\/blog.ilgiornale.it\/ruzzo\/?p=25971"},"modified":"2019-04-14T11:06:46","modified_gmt":"2019-04-14T09:06:46","slug":"il-mito-della-roubaix","status":"publish","type":"post","link":"https:\/\/blog.ilgiornale.it\/ruzzo\/2019\/04\/14\/il-mito-della-roubaix\/","title":{"rendered":"Il mito della Roubaix"},"content":{"rendered":"<p><a href=\"https:\/\/blog.ilgiornale.it\/ruzzo\/files\/2019\/04\/rou.jpg\"><img loading=\"lazy\" class=\"alignright size-medium wp-image-25972\" src=\"https:\/\/blog.ilgiornale.it\/ruzzo\/files\/2019\/04\/rou-300x169.jpg\" alt=\"rou\" width=\"300\" height=\"169\" srcset=\"https:\/\/blog.ilgiornale.it\/ruzzo\/files\/2019\/04\/rou-300x169.jpg 300w, https:\/\/blog.ilgiornale.it\/ruzzo\/files\/2019\/04\/rou.jpg 560w\" sizes=\"(max-width: 300px) 100vw, 300px\" \/><\/a>Tra poche ore si corre la\u00a0 117ma Roubaix. Sole, pioggia o vento. \u00a0Comunque vada da Compiegne al Velodrome sar\u00e0 dura come sempre. Come solo questa corsa che tutti definiscono \u201cmonumento\u201d insieme col Lombardia, il Fiandre, la Liegi e la Sanremo sa essere. \u00a0Una storia lunga 257 chilometri e mezzo che domani si ripete come un rito, come un racconto che non si interrompe mai che si prende solo una pausa. Poi ricomincia ed \u00e8 la solita magia, con lo stesso fascino, con le stesse pietre, con gli stessi tifosi che una volta erano ragazzini e ora ci portano i figli, con i settori numerati come se si pedalasse nelle sale di un museo, con le stesse case basse, con gli stessi colori e con lo stesso cielo basso, con un mondo davanti alla tv, \u00a0con le solite facce stravolte e sporche di fango, con le stesse smorfie, con la stessa fatica. Per\u00f2 forse questa \u00e8 l\u2019unica corsa in cui le facce contano meno. Chiunque arrivi, chiunque vinca, chiunque abbia la fortuna e l\u2019 onore di alzare le braccia sul traguardo di quel velodromo si stampa nella gloria. E diventa un uomo di\u00a0<strong>Roubaix<\/strong>. Uno dei tanti ma unico. Speciale. Perch\u00e8 quello degli eroi di Roubaix \u00e8 il circolo pi\u00f9 esclusivo del mondo. Un\u2019enclave che va oltre il tempo. Basta una volta. Due sono tante, oltre diventa mito. E noi ci siamo l\u00e0 in mezzo. Inutile far nomi chi ama questo sport sa, conosce, ricorda. \u00a0Tutto ci\u00f2 che della Roubaix si deve raccontare \u00e8 stato gi\u00e0 scritto. Chilometri di battaglia, di gioie immense, delusioni terribili. Di cadute, di dolore e di pianti. Tutto ci\u00f2 che della Roubaix rimane \u00e8 la sua storia scritta nella polvere o nel fango, sulle pietre che hanno creato il mito dell&#8217;inferno dl NOrd, di una corsa unica e impronosticabile,\u00a0 I settori pi\u00f9 importanti restano l\u2019incubo della foresta di Arenberg, Mons en Pevele e naturalmente il Carrefour de l\u2019Arbre. In tutto fanno\u00a0\u00a029 , quasi sessanta chilometri di cubetti che sono davvero la strada verso la gloria. \u00a0Nel museo privato di\u00a0<strong>Ernesto Colnago<\/strong>\u00a0in fondo a sinistra ci sono ancora, conservate come una reliquia, le bici dei trionfi di\u00a0<strong>Franco Ballerini<\/strong>. Le tiene l\u00ec,\u00a0 con il numero attaccato e \u00a0sporche di fango: \u00a0\u201cNon le ho mai lavate, non le ho mai spostate e non le ho mai toccate- \u00a0ricorda l&#8217;Ernesto quando permette a qualche fortunato di entrare- Voglio che restino cos\u00ec\u2026.\u201d. La prima vittoria della<strong>\u00a0Mapei<\/strong>\u00a0con le bici in carbonio per Colnago fu una notte insonne perch\u00e8 il patron\u00a0<strong>Giorgio Squinzi<\/strong>\u00a0lo chiam\u00f2 in piena notte alla vigilia della gara perch\u00e8 aveva paura che i telai si rompessero e voleva correre con le bici in alluminio: &#8220;Mi sono messo davanti alla tv e ho pregato- ricorda Colnago- Poi quando da una nuvola di polvere ho visto uscire Ballerini ho ringraziato il signore. Adesso quelle bici sono qui e ogni volta che viene Squinzi a trovarmi si ferma a guardarle. E piange\u2026\u201d<\/p>\n","protected":false},"excerpt":{"rendered":"<p><p>Tra poche ore si corre la\u00a0 117ma Roubaix. Sole, pioggia o vento. \u00a0Comunque vada da Compiegne al Velodrome sar\u00e0 dura come sempre. Come solo questa corsa che tutti definiscono \u201cmonumento\u201d insieme col Lombardia, il Fiandre, la Liegi e la Sanremo sa essere. \u00a0Una storia lunga 257 chilometri e mezzo che domani si ripete come un rito, come un racconto che non si interrompe mai che si prende solo una pausa. Poi ricomincia ed \u00e8 la solita magia, con lo stesso fascino, con le stesse pietre, con gli stessi tifosi che una volta erano ragazzini e ora ci portano i figli, [&hellip;]<\/p>\n&nbsp;&nbsp;<div class=\"readmore\"><a href=\"https:\/\/blog.ilgiornale.it\/ruzzo\/2019\/04\/14\/il-mito-della-roubaix\/\">Continua a leggere...<\/a><\/div><\/p>","protected":false},"author":956,"featured_media":0,"comment_status":"open","ping_status":"closed","sticky":false,"template":"","format":"standard","meta":[],"categories":[1],"tags":[],"_links":{"self":[{"href":"https:\/\/blog.ilgiornale.it\/ruzzo\/wp-json\/wp\/v2\/posts\/25971"}],"collection":[{"href":"https:\/\/blog.ilgiornale.it\/ruzzo\/wp-json\/wp\/v2\/posts"}],"about":[{"href":"https:\/\/blog.ilgiornale.it\/ruzzo\/wp-json\/wp\/v2\/types\/post"}],"author":[{"embeddable":true,"href":"https:\/\/blog.ilgiornale.it\/ruzzo\/wp-json\/wp\/v2\/users\/956"}],"replies":[{"embeddable":true,"href":"https:\/\/blog.ilgiornale.it\/ruzzo\/wp-json\/wp\/v2\/comments?post=25971"}],"version-history":[{"count":1,"href":"https:\/\/blog.ilgiornale.it\/ruzzo\/wp-json\/wp\/v2\/posts\/25971\/revisions"}],"predecessor-version":[{"id":25973,"href":"https:\/\/blog.ilgiornale.it\/ruzzo\/wp-json\/wp\/v2\/posts\/25971\/revisions\/25973"}],"wp:attachment":[{"href":"https:\/\/blog.ilgiornale.it\/ruzzo\/wp-json\/wp\/v2\/media?parent=25971"}],"wp:term":[{"taxonomy":"category","embeddable":true,"href":"https:\/\/blog.ilgiornale.it\/ruzzo\/wp-json\/wp\/v2\/categories?post=25971"},{"taxonomy":"post_tag","embeddable":true,"href":"https:\/\/blog.ilgiornale.it\/ruzzo\/wp-json\/wp\/v2\/tags?post=25971"}],"curies":[{"name":"wp","href":"https:\/\/api.w.org\/{rel}","templated":true}]}}