{"id":25982,"date":"2019-04-17T17:45:42","date_gmt":"2019-04-17T15:45:42","guid":{"rendered":"https:\/\/blog.ilgiornale.it\/ruzzo\/?p=25982"},"modified":"2019-04-17T17:45:42","modified_gmt":"2019-04-17T15:45:42","slug":"il-giro-e-le-figurine-panini","status":"publish","type":"post","link":"https:\/\/blog.ilgiornale.it\/ruzzo\/2019\/04\/17\/il-giro-e-le-figurine-panini\/","title":{"rendered":"Il Giro e le figurine Panini"},"content":{"rendered":"<p><a href=\"https:\/\/blog.ilgiornale.it\/ruzzo\/files\/2019\/04\/pan.jpg\"><img loading=\"lazy\" class=\"alignright size-medium wp-image-25983\" src=\"https:\/\/blog.ilgiornale.it\/ruzzo\/files\/2019\/04\/pan-232x300.jpg\" alt=\"pan\" width=\"232\" height=\"300\" srcset=\"https:\/\/blog.ilgiornale.it\/ruzzo\/files\/2019\/04\/pan-232x300.jpg 232w, https:\/\/blog.ilgiornale.it\/ruzzo\/files\/2019\/04\/pan.jpg 446w\" sizes=\"(max-width: 232px) 100vw, 232px\" \/><\/a>Qualche anno fa\u00a0 al teatro dal Verme, sul palco milanese del Premio Brera, ero stato chiamato a premiare l&#8217;amministratore delegato della <strong>Panini<\/strong> per la storia e per il mito che quest&#8217;azienda rappresenta. Anche oggi.\u00a0 Anche ora che ovviamente i ragazzini hanno altro, di pi\u00f9,\u00a0 forse per\u00f2 un po&#8217; di meno.\u00a0 &#8220;Lei ha sulla coscienza una generazione di studenti che hanno brigato sotto i banchi\u00a0 per scambiare Bandoni, Zoff e Carmignani- gli avevo detto- Una generazione con le tasche gonfie di &#8220;doppie&#8221; da scambiare,\u00a0 con le valide e le bisvalide custodite e conservate, con i tubetti di colla, con le celline da staccare poi spazzate via dagli adesivi&#8230;&#8221;. Un mondo fa. Dove a scuola gli intervalli dei maschietti erano capannelli semiclandestini dove si giocava &#8220;forte&#8221;, dove chi vinceva a &#8220;murella&#8221;, a &#8220;lunga&#8221;, a metter su o a buttar gi\u00f9 &#8220;conca&#8221;, spesso tornava a casa con mazzi enormi di &#8220;figu&#8221; sbollettate a qualche compagno di classe.\u00a0 Funzionava cos\u00ec. Per chiudere l&#8217;album, per accaparrarsi il Luciano Bodini , introvabile portiere prima dell&#8217;Atalanta e poi dell Juve, bisognava arrangiarsi, cavarsela, conquistarsi figurina su figurina nelle interminabili sfide sulle scale di casa, nei cortili, nelle cantine, nei corridoi dell&#8217;oratorio.\u00a0 Perch\u00e8 la sera, quando i pap\u00e0 rientravano dal lavoro, non portavano in dote decine di bustine, scatole intere come accade oggi ma una solo e soltanto una che veniva consegnata solo se le mamme confermavano la buona condotta quotidiana e scolastica. E chi \u00e8 cresciuto a pane e Panini\u00a0 sa cosa significa&#8230;Tutto ci\u00f2 per dire che il mito delle figu ora \u00e8 un po&#8217; svanito, inghiottito\u00a0da quei grandi contenitori che sono gli smartphone, che spengono\u00a0la poesia, che sono il tempo che cambia e che passa col rischio, sempre in agguato, di venire demonizzati solo perch\u00e8 ( prima)\u00a0 si era pi\u00f9 giovani e quindi era sempre tutto un po&#8217; meglio&#8230;. Ma tant&#8217;\u00e8. Le figurine Panini &#8220;resistono&#8221; e aggiungono raccolte a raccolte come \u00e8 sempre stato. L&#8217;ultima in ordine di tempo \u00e8 quella che permetter\u00e0 a molti appassionati di &#8220;appiccicare&#8221;\u00a0 \u00a0i campioni del ciclismo\u00a0 della\u00a0102ma edizione del Giro d&#8217;Italia che partira&#8217;11 maggio. Un album di 64 pagine,\u00a0 con informazioni e statistiche, per 414 figurine adesive e 73 card bifacciali. <strong>&#8220;Panini Giro d&#8217;Italia 102&#8221;<\/strong> dedica due pagine ad ognuno dei 22 team con le figurine di 14 corridori e della squadra schierata al completo. Ogni figurina \u00e8 una vera e propria &#8220;carta d&#8217;identit\u00e0&#8221; con i principali dati personali dell&#8217;atleta,\u00a0 la nazionalit\u00e0, l&#8217;anno di debutto al Giro, il numero di partecipazioni, il miglior piazzamento e\u00a0 il numero di vittorie di tappa ottenute in carriera. Poi ci sono diverse sezioni speciali, alcune\u00a0dedicate ai record storici, altre al percorso 2019 con le altimetrie, altre ancora alle fasi salienti della corsa dell&#8217;anno passato e al &#8220;Giro d&#8217;Italia Hall of Fame&#8221;. Certo, tutto ci\u00f2 che si pu\u00f2 trovare anche con una velocissima ricerca in rete, ma vuoi mettere?<\/p>\n","protected":false},"excerpt":{"rendered":"<p><p>Qualche anno fa\u00a0 al teatro dal Verme, sul palco milanese del Premio Brera, ero stato chiamato a premiare l&#8217;amministratore delegato della Panini per la storia e per il mito che quest&#8217;azienda rappresenta. Anche oggi.\u00a0 Anche ora che ovviamente i ragazzini hanno altro, di pi\u00f9,\u00a0 forse per\u00f2 un po&#8217; di meno.\u00a0 &#8220;Lei ha sulla coscienza una generazione di studenti che hanno brigato sotto i banchi\u00a0 per scambiare Bandoni, Zoff e Carmignani- gli avevo detto- Una generazione con le tasche gonfie di &#8220;doppie&#8221; da scambiare,\u00a0 con le valide e le bisvalide custodite e conservate, con i tubetti di colla, con le celline [&hellip;]<\/p>\n&nbsp;&nbsp;<div class=\"readmore\"><a href=\"https:\/\/blog.ilgiornale.it\/ruzzo\/2019\/04\/17\/il-giro-e-le-figurine-panini\/\">Continua a leggere...<\/a><\/div><\/p>","protected":false},"author":956,"featured_media":0,"comment_status":"open","ping_status":"closed","sticky":false,"template":"","format":"standard","meta":[],"categories":[1],"tags":[],"_links":{"self":[{"href":"https:\/\/blog.ilgiornale.it\/ruzzo\/wp-json\/wp\/v2\/posts\/25982"}],"collection":[{"href":"https:\/\/blog.ilgiornale.it\/ruzzo\/wp-json\/wp\/v2\/posts"}],"about":[{"href":"https:\/\/blog.ilgiornale.it\/ruzzo\/wp-json\/wp\/v2\/types\/post"}],"author":[{"embeddable":true,"href":"https:\/\/blog.ilgiornale.it\/ruzzo\/wp-json\/wp\/v2\/users\/956"}],"replies":[{"embeddable":true,"href":"https:\/\/blog.ilgiornale.it\/ruzzo\/wp-json\/wp\/v2\/comments?post=25982"}],"version-history":[{"count":1,"href":"https:\/\/blog.ilgiornale.it\/ruzzo\/wp-json\/wp\/v2\/posts\/25982\/revisions"}],"predecessor-version":[{"id":25984,"href":"https:\/\/blog.ilgiornale.it\/ruzzo\/wp-json\/wp\/v2\/posts\/25982\/revisions\/25984"}],"wp:attachment":[{"href":"https:\/\/blog.ilgiornale.it\/ruzzo\/wp-json\/wp\/v2\/media?parent=25982"}],"wp:term":[{"taxonomy":"category","embeddable":true,"href":"https:\/\/blog.ilgiornale.it\/ruzzo\/wp-json\/wp\/v2\/categories?post=25982"},{"taxonomy":"post_tag","embeddable":true,"href":"https:\/\/blog.ilgiornale.it\/ruzzo\/wp-json\/wp\/v2\/tags?post=25982"}],"curies":[{"name":"wp","href":"https:\/\/api.w.org\/{rel}","templated":true}]}}