{"id":25996,"date":"2019-04-20T18:13:06","date_gmt":"2019-04-20T16:13:06","guid":{"rendered":"https:\/\/blog.ilgiornale.it\/ruzzo\/?p=25996"},"modified":"2019-04-22T15:55:20","modified_gmt":"2019-04-22T13:55:20","slug":"fontana-a-kona-si-chiude-il-cerchio","status":"publish","type":"post","link":"https:\/\/blog.ilgiornale.it\/ruzzo\/2019\/04\/20\/fontana-a-kona-si-chiude-il-cerchio\/","title":{"rendered":"Fontana: &#8221; A Kona si chiude il cerchio&#8230;&#8221;"},"content":{"rendered":"<p><a href=\"https:\/\/blog.ilgiornale.it\/ruzzo\/files\/2019\/04\/font.jpg\"><img loading=\"lazy\" class=\"alignleft size-medium wp-image-25997\" src=\"https:\/\/blog.ilgiornale.it\/ruzzo\/files\/2019\/04\/font-297x300.jpg\" alt=\"font\" width=\"297\" height=\"300\" srcset=\"https:\/\/blog.ilgiornale.it\/ruzzo\/files\/2019\/04\/font-297x300.jpg 297w, https:\/\/blog.ilgiornale.it\/ruzzo\/files\/2019\/04\/font.jpg 607w\" sizes=\"(max-width: 297px) 100vw, 297px\" \/><\/a>Nel triathlon si nuota, si va in bici e alla fine si corre e <strong>Daniel Fontana<\/strong>, nato 43 anni fa nella Patagonia Argentina ma poi naturalizzato italiano, fa tutto molto bene. Talmente bene che \u00e8 l&#8217;unico azzurro ad aver fatto due olimpiadi a Pechino ed Atene, ad aver vinto tre Ironman e l&#8217;unico ad essersi qualificato per ben sei volte alle finali del mondiale che ogni anno si svolgono a Kona alle Hawaii.\u00a0 Ci sar\u00e0 anche quest&#8217;anno: \u00abQuella delle Hawaii \u00e8 una gara unica dove tutto \u00e8 iniziato tanti anni fa e dove tutto finisce- racconta- Per molti \u00e8 il sogno di una vita, per me questa volta sar\u00e0 la coronazione di una carriera iniziata quando avevo 15 anni e che mi ha dato tantissime soddisfazioni. \u00c9 il cerchio che si chiude e ci arriver\u00f2 ad ottobre con una preparazione graduale che mi terr\u00e0 alla larga dal rischio di infortuni. Non correr\u00f2 altri Ironman ma solo dei mezzi puntando anche a conquistarne qualcuno. Alle Hawaii non vado per vincere per\u00f2 dar\u00f2 tutto il meglio che potr\u00f2 dare&#8230;\u00bb. Come sempre d&#8217;altronde.\u00a0\u00a0Non finisce\u00a0 mai\u00a0<strong>Daniel Fontana.\u00a0<\/strong>\u00a0Contro il tempo, contro gli avversari, contro il buonsenso\u00a0 forse anche contro la logica ammesso e non concesso\u00a0che nello sport e nella vita ci sia una logica . Alla sua et\u00e0 continua a mettersi alle spalle\u00a0tanta bella giovent\u00f9. E&#8217; un fatto di classe, di muscoli, di cuore ma soprattutto di testa. Bisogna far ragionamenti seri per restare cos\u00ec a lungo sulla breccia, bisogna crederci, esser seri. Bisogna aver la stoffa , saper rischiare, osare. Ma anche saper perdere per poi capire cosa non ha funzionato, rimboccarsi le maniche e ripartire, ricominciare. Ad una certa et\u00e0\u00a0non \u00e8 facile. Non \u00e8 facile nulla a certi livelli. Decidere, continuare, arrendersi, resistere, competere, accettare i consigli\u2026Tutti verbi all\u2019infinito come infinita pare la carriera di questo triatleta argentino regalato all\u2019Italia a cui tutto il movimento azzurro deve molto\u00a0 per una storia che resister\u00e0 nel tempo e che ha ancora un\u2019appendice.\u00a0 Che andr\u00e0 al di l\u00e0 dei social, dei video postati, delle passerelle che svaniscono come neve al sole. Qui si ferma il tempo. Il capitano della DDs ha trovato il modo di allungare\u00a0la sua storia. Il suo \u201cromanzo\u201d come dice lui.\u00a0 Ed ogni volta il capitolo \u00e8 pi\u00f9 complicato soprattutto come richiede uno sport di sacrificio come il triathlon che i questi ultimi anni sta registrando un vero e proprio record di iscritti, soprattutto nei settori giovanili: \u00abS\u00ec ci sono molti bambini che si avvicinano a questa disciplina ed \u00e8 un bel segnale- spiega Fontana- Milano e la Lombardia fanno un po&#8217; la parte del leone perch\u00e8 qui ci sono tante societ\u00e0, c&#8217;\u00e8 tradizione e ci sono strutture che permettono di seguire i ragazzi. E&#8217; uno sport completo che, soprattutto all&#8217;inizio, insegna ai piccoli a diventare pi\u00f9 autonomi, ad organizzarsi perch\u00e8 la gestione di tre discipline richiede un po&#8217; di organizzazione. Anche solo nel prepararsi la borsa\u00bb.\u00a0 Fatica, impegno e organizzazione che poi fanno la differenza. Che valgono per i pi\u00f9 piccoli che devono imparare ma anche per chi come Fontana che da poco \u00e8 diventato pap\u00e0 e che quindi si \u00e8 trovato a \u00abresettare\u00bb una vita e le sue giornate. Le sue doppie sedute quotidiane di allenamento, i viaggi, gli impegni: \u00abMio figlio mi ha cambiato le priorit\u00e0- ammette- E&#8217; la cosa che viene prima di tutto ed \u00e8 chiaro che condiziona le scelte. Per\u00f2 credo che mi abbia cambiato dentro. Non so se far\u00e0 triathlon, sinceramente non ci ho neppure pensato. Io sarei soddisfatto e felice che comunque facesse sport, per il suo benessere e per la sua formazione. Quale sar\u00e0 poi lo decider\u00e0 lui&#8230;\u00bb<\/p>\n<p><strong>Foto del servizio: Dani Fiori<\/strong><\/p>\n","protected":false},"excerpt":{"rendered":"<p><p>Nel triathlon si nuota, si va in bici e alla fine si corre e Daniel Fontana, nato 43 anni fa nella Patagonia Argentina ma poi naturalizzato italiano, fa tutto molto bene. Talmente bene che \u00e8 l&#8217;unico azzurro ad aver fatto due olimpiadi a Pechino ed Atene, ad aver vinto tre Ironman e l&#8217;unico ad essersi qualificato per ben sei volte alle finali del mondiale che ogni anno si svolgono a Kona alle Hawaii.\u00a0 Ci sar\u00e0 anche quest&#8217;anno: \u00abQuella delle Hawaii \u00e8 una gara unica dove tutto \u00e8 iniziato tanti anni fa e dove tutto finisce- racconta- Per molti \u00e8 il [&hellip;]<\/p>\n&nbsp;&nbsp;<div class=\"readmore\"><a href=\"https:\/\/blog.ilgiornale.it\/ruzzo\/2019\/04\/20\/fontana-a-kona-si-chiude-il-cerchio\/\">Continua a leggere...<\/a><\/div><\/p>","protected":false},"author":956,"featured_media":0,"comment_status":"open","ping_status":"closed","sticky":false,"template":"","format":"standard","meta":[],"categories":[1],"tags":[],"_links":{"self":[{"href":"https:\/\/blog.ilgiornale.it\/ruzzo\/wp-json\/wp\/v2\/posts\/25996"}],"collection":[{"href":"https:\/\/blog.ilgiornale.it\/ruzzo\/wp-json\/wp\/v2\/posts"}],"about":[{"href":"https:\/\/blog.ilgiornale.it\/ruzzo\/wp-json\/wp\/v2\/types\/post"}],"author":[{"embeddable":true,"href":"https:\/\/blog.ilgiornale.it\/ruzzo\/wp-json\/wp\/v2\/users\/956"}],"replies":[{"embeddable":true,"href":"https:\/\/blog.ilgiornale.it\/ruzzo\/wp-json\/wp\/v2\/comments?post=25996"}],"version-history":[{"count":2,"href":"https:\/\/blog.ilgiornale.it\/ruzzo\/wp-json\/wp\/v2\/posts\/25996\/revisions"}],"predecessor-version":[{"id":26000,"href":"https:\/\/blog.ilgiornale.it\/ruzzo\/wp-json\/wp\/v2\/posts\/25996\/revisions\/26000"}],"wp:attachment":[{"href":"https:\/\/blog.ilgiornale.it\/ruzzo\/wp-json\/wp\/v2\/media?parent=25996"}],"wp:term":[{"taxonomy":"category","embeddable":true,"href":"https:\/\/blog.ilgiornale.it\/ruzzo\/wp-json\/wp\/v2\/categories?post=25996"},{"taxonomy":"post_tag","embeddable":true,"href":"https:\/\/blog.ilgiornale.it\/ruzzo\/wp-json\/wp\/v2\/tags?post=25996"}],"curies":[{"name":"wp","href":"https:\/\/api.w.org\/{rel}","templated":true}]}}