{"id":26024,"date":"2019-04-26T19:42:51","date_gmt":"2019-04-26T17:42:51","guid":{"rendered":"https:\/\/blog.ilgiornale.it\/ruzzo\/?p=26024"},"modified":"2019-04-26T19:42:51","modified_gmt":"2019-04-26T17:42:51","slug":"col-cuore-nuovo-alla-maratona-del-santo","status":"publish","type":"post","link":"https:\/\/blog.ilgiornale.it\/ruzzo\/2019\/04\/26\/col-cuore-nuovo-alla-maratona-del-santo\/","title":{"rendered":"Col cuore &#8220;nuovo&#8221; alla maratona del Santo"},"content":{"rendered":"<p><a href=\"https:\/\/blog.ilgiornale.it\/ruzzo\/files\/2019\/04\/gab.jpg\"><img loading=\"lazy\" class=\"alignleft size-medium wp-image-26025\" src=\"https:\/\/blog.ilgiornale.it\/ruzzo\/files\/2019\/04\/gab-297x300.jpg\" alt=\"gab\" width=\"297\" height=\"300\" srcset=\"https:\/\/blog.ilgiornale.it\/ruzzo\/files\/2019\/04\/gab-297x300.jpg 297w, https:\/\/blog.ilgiornale.it\/ruzzo\/files\/2019\/04\/gab.jpg 899w\" sizes=\"(max-width: 297px) 100vw, 297px\" \/><\/a>E&#8217; sempre il destino che decide. Nessuno sa dove ma da qualche parte \u00e8 tutto scritto, cos\u00ec credono in molti, cos\u00ec dicono&#8230;E ogni tanto capita che succedano cose che siano esattamente il segno di un destino che, all&#8217;improvviso, ti mette di fronte al bivio che non ti aspettavi. Capita allora che pi\u00f9 o meno un anno fa, proprio nei giorni di Pasqua<br \/>\nPasqua, Gabriele Bacco, perito 57enne dell&#8217;Ufficio tecnico dell&#8217;Ulss\u00a0 Euganea, debba\u00a0 cambiare alcune prese di rete nel reparto di\u00a0 Cardiologia dell&#8217;ospedale Immacolata Concezione di Piove di Sacco, nel\u00a0Padovano. Fa il suo lavoro e giusto per fare due chiacchiere si trova a raccontare al primario del reparto Domenico marchese che passa di l\u00ec per caso di alcuni suoi strani giramenti di testa e di un paio di leggeri svenimenti a cui per\u00f2 non aveva dato peso.\u00a0 E&#8217; il destino che decide e cos\u00ec quell&#8217;incontro e chiacchiere fatte per caso diventano pochi giorni dopo una serie di esami specifici, una prova sotto sforzo e una coronografia che parlano chiaro: due coronarie completamente chiuse e la terza ostruita al 50 per cento. Scatta il ricovero, prima all&#8217;ospedale di Piove di Sacco dove viene tenuto sotto stretto monitoraggio, poi al\u00a0 Centro di cardiochirurgia &#8220;Vincenzo Gallucci&#8221; di di Padova,\u00a0 gli viene effettuato un doppio bypass. &#8220;Ho scoperto di essere malato sotto Pasqua dell&#8217;anno scorso &#8211; ricorda all&#8217;Adnkronos-\u00a0 E il caso ha voluto che mi trovassi nel posto giusto al\u00a0 momento giusto con la persona giusta: questo \u00e8 stato il primo anno della mia nuova vita e adesso, con il mio cuore messo a nuovo, voglio festeggiare la mia personale Pasqua di rinascita correndo&#8230;&#8221;. Domenica mattina Gabriele Bacco sar\u00e0 al via della Maratona del Santo a Padova. Correr\u00e0 dieci chilometri ed \u00e8 solo l&#8217;inizio di una nuova storia. Cos\u00ec stava scritto da qualche parte&#8230;<\/p>\n","protected":false},"excerpt":{"rendered":"<p><p>E&#8217; sempre il destino che decide. Nessuno sa dove ma da qualche parte \u00e8 tutto scritto, cos\u00ec credono in molti, cos\u00ec dicono&#8230;E ogni tanto capita che succedano cose che siano esattamente il segno di un destino che, all&#8217;improvviso, ti mette di fronte al bivio che non ti aspettavi. Capita allora che pi\u00f9 o meno un anno fa, proprio nei giorni di Pasqua Pasqua, Gabriele Bacco, perito 57enne dell&#8217;Ufficio tecnico dell&#8217;Ulss\u00a0 Euganea, debba\u00a0 cambiare alcune prese di rete nel reparto di\u00a0 Cardiologia dell&#8217;ospedale Immacolata Concezione di Piove di Sacco, nel\u00a0Padovano. Fa il suo lavoro e giusto per fare due chiacchiere si [&hellip;]<\/p>\n&nbsp;&nbsp;<div class=\"readmore\"><a href=\"https:\/\/blog.ilgiornale.it\/ruzzo\/2019\/04\/26\/col-cuore-nuovo-alla-maratona-del-santo\/\">Continua a leggere...<\/a><\/div><\/p>","protected":false},"author":956,"featured_media":0,"comment_status":"open","ping_status":"closed","sticky":false,"template":"","format":"standard","meta":[],"categories":[1],"tags":[],"_links":{"self":[{"href":"https:\/\/blog.ilgiornale.it\/ruzzo\/wp-json\/wp\/v2\/posts\/26024"}],"collection":[{"href":"https:\/\/blog.ilgiornale.it\/ruzzo\/wp-json\/wp\/v2\/posts"}],"about":[{"href":"https:\/\/blog.ilgiornale.it\/ruzzo\/wp-json\/wp\/v2\/types\/post"}],"author":[{"embeddable":true,"href":"https:\/\/blog.ilgiornale.it\/ruzzo\/wp-json\/wp\/v2\/users\/956"}],"replies":[{"embeddable":true,"href":"https:\/\/blog.ilgiornale.it\/ruzzo\/wp-json\/wp\/v2\/comments?post=26024"}],"version-history":[{"count":1,"href":"https:\/\/blog.ilgiornale.it\/ruzzo\/wp-json\/wp\/v2\/posts\/26024\/revisions"}],"predecessor-version":[{"id":26026,"href":"https:\/\/blog.ilgiornale.it\/ruzzo\/wp-json\/wp\/v2\/posts\/26024\/revisions\/26026"}],"wp:attachment":[{"href":"https:\/\/blog.ilgiornale.it\/ruzzo\/wp-json\/wp\/v2\/media?parent=26024"}],"wp:term":[{"taxonomy":"category","embeddable":true,"href":"https:\/\/blog.ilgiornale.it\/ruzzo\/wp-json\/wp\/v2\/categories?post=26024"},{"taxonomy":"post_tag","embeddable":true,"href":"https:\/\/blog.ilgiornale.it\/ruzzo\/wp-json\/wp\/v2\/tags?post=26024"}],"curies":[{"name":"wp","href":"https:\/\/api.w.org\/{rel}","templated":true}]}}