{"id":26030,"date":"2019-04-28T17:23:08","date_gmt":"2019-04-28T15:23:08","guid":{"rendered":"https:\/\/blog.ilgiornale.it\/ruzzo\/?p=26030"},"modified":"2019-04-28T17:23:08","modified_gmt":"2019-04-28T15:23:08","slug":"maratona-di-trieste-una-zuffa-politica-assurda","status":"publish","type":"post","link":"https:\/\/blog.ilgiornale.it\/ruzzo\/2019\/04\/28\/maratona-di-trieste-una-zuffa-politica-assurda\/","title":{"rendered":"Maratona di Trieste, una &#8220;zuffa&#8221; politica assurda"},"content":{"rendered":"<p><a href=\"https:\/\/blog.ilgiornale.it\/ruzzo\/files\/2019\/04\/trie.jpg\"><img loading=\"lazy\" class=\"alignleft size-medium wp-image-26031\" src=\"https:\/\/blog.ilgiornale.it\/ruzzo\/files\/2019\/04\/trie-206x300.jpg\" alt=\"trie\" width=\"206\" height=\"300\" srcset=\"https:\/\/blog.ilgiornale.it\/ruzzo\/files\/2019\/04\/trie-206x300.jpg 206w, https:\/\/blog.ilgiornale.it\/ruzzo\/files\/2019\/04\/trie.jpg 541w\" sizes=\"(max-width: 206px) 100vw, 206px\" \/><\/a>Fa quasi sempre danni la politica quando s&#8217;intrufola nello sport, soprattutto se all&#8217;orizzonte ci sono scadenze elettorali. E allora succede che a Trieste la mezza maratona che si correr\u00e0 nel prossimo week end, evento storico perch\u00e9 eredit\u00e0 della famosa \u00abBavisela\u00bb per anni una delle classiche del podismo italiano, si trasformi in una \u00abzuffa\u00bb furibonda che finisce in Parlamento, quello s\u00ec vero sport nazionale. La scintilla che scatena il finimondo \u00e8 la decisione degli organizzatori della Miramar di non ingaggiare gli atleti africani per la gara. Apriti cielo. Volano gli stracci e le parole, alcune davvero pesanti. Troppo pesanti: razzismo, apartheid, epurazione, maratona sovranista. C&#8217;\u00e8 chi scomoda il Ku Klux Klan, chi addirittura Hitler. Brividi.\u00a0 In realt\u00e0 lo sport, la maratona in particolare, sfugge a queste logiche. \u00c8 una delle forme pi\u00f9 alte di democrazia che si possano ammirare e applica uno ius soli tutto suo da sempre, esempio lampante di come razze, etnie, popoli e Paesi si confondano senza discriminazioni nella comune fatica della corsa. Ma per capire questo molti politici lo sport dovrebbero farlo pi\u00f9 che parlarne. Dovrebbero cercare di capire le logiche degli ingaggi che molte organizzazioni ormai non possono pi\u00f9 permettersi o ascoltare il presidente della Miramar, Fabio Carini, che ha spiegato che la decisione di non ingaggiare atleti africani serve a dare un segnale contro il loro sfruttamento. Che c&#8217;\u00e8, esiste. \u00c8 un vaso di Pandora che andrebbe scoperchiato rifuggendo le solite logiche buoniste. Chi appena un po&#8217; conosce il mondo delle maratone sa perfettamente che, a fronte dei grandi campioni che corrono a New York, Londra, Parigi, Boston o alle Olimpiadi e che si affidano a manager seri e di livello c&#8217;\u00e8 un esercito di modesti \u00abfaticatori della corsa\u00bb che viene ingaggiato per gare minori, a prezzi irrisori e che molto spesso, dopo aver ceduto premi e proventi, viene abbandonato al suo destino. Tratta dei maratoneti, dice qualcuno e non si va molto lontani. Non sono pochi i casi e la scelta di Trieste, \u00e8 maturata infatti proprio dopo che lo scorso anno un atleta keniano si era ritrovato in citt\u00e0 a fine gara senza documenti n\u00e9 soldi e che proprio la Miramar aveva provveduto poi a far rientrare in patria. Non solo. Non \u00e8 la prima volta che ci\u00f2 accade, perch\u00e9 una decisione simile lo scorso anno era stata presa nella mezza maratona di Lucca, citt\u00e0 a guida Pd tra l&#8217;altro, e il problema dello sfruttamento degli atleti africani gi\u00e0 negli anni scorsi era stato preso in considerazione dalla Federazione che ieri per voce del suo segretario Fabio Pagliara ha chiarito subito che vigiler\u00e0 e che nello sport non ci possono essere n\u00e8 razzismo, n\u00e9 sfruttamento. Ma la politica fa una corsa a s\u00e9, forse troppo veloce e precipitosa, trascurando i dettagli. Uno su tutti. Trieste non ingaggia atleti africani ma non vieta a nessun atleta, di qualsiasi parte del mondo, di iscriversi e correre. E che comunque qualche invito verr\u00e0 fatto. Quindi?<\/p>\n","protected":false},"excerpt":{"rendered":"<p><p>Fa quasi sempre danni la politica quando s&#8217;intrufola nello sport, soprattutto se all&#8217;orizzonte ci sono scadenze elettorali. E allora succede che a Trieste la mezza maratona che si correr\u00e0 nel prossimo week end, evento storico perch\u00e9 eredit\u00e0 della famosa \u00abBavisela\u00bb per anni una delle classiche del podismo italiano, si trasformi in una \u00abzuffa\u00bb furibonda che finisce in Parlamento, quello s\u00ec vero sport nazionale. La scintilla che scatena il finimondo \u00e8 la decisione degli organizzatori della Miramar di non ingaggiare gli atleti africani per la gara. Apriti cielo. Volano gli stracci e le parole, alcune davvero pesanti. Troppo pesanti: razzismo, apartheid, [&hellip;]<\/p>\n&nbsp;&nbsp;<div class=\"readmore\"><a href=\"https:\/\/blog.ilgiornale.it\/ruzzo\/2019\/04\/28\/maratona-di-trieste-una-zuffa-politica-assurda\/\">Continua a leggere...<\/a><\/div><\/p>","protected":false},"author":956,"featured_media":0,"comment_status":"open","ping_status":"closed","sticky":false,"template":"","format":"standard","meta":[],"categories":[1],"tags":[],"_links":{"self":[{"href":"https:\/\/blog.ilgiornale.it\/ruzzo\/wp-json\/wp\/v2\/posts\/26030"}],"collection":[{"href":"https:\/\/blog.ilgiornale.it\/ruzzo\/wp-json\/wp\/v2\/posts"}],"about":[{"href":"https:\/\/blog.ilgiornale.it\/ruzzo\/wp-json\/wp\/v2\/types\/post"}],"author":[{"embeddable":true,"href":"https:\/\/blog.ilgiornale.it\/ruzzo\/wp-json\/wp\/v2\/users\/956"}],"replies":[{"embeddable":true,"href":"https:\/\/blog.ilgiornale.it\/ruzzo\/wp-json\/wp\/v2\/comments?post=26030"}],"version-history":[{"count":1,"href":"https:\/\/blog.ilgiornale.it\/ruzzo\/wp-json\/wp\/v2\/posts\/26030\/revisions"}],"predecessor-version":[{"id":26032,"href":"https:\/\/blog.ilgiornale.it\/ruzzo\/wp-json\/wp\/v2\/posts\/26030\/revisions\/26032"}],"wp:attachment":[{"href":"https:\/\/blog.ilgiornale.it\/ruzzo\/wp-json\/wp\/v2\/media?parent=26030"}],"wp:term":[{"taxonomy":"category","embeddable":true,"href":"https:\/\/blog.ilgiornale.it\/ruzzo\/wp-json\/wp\/v2\/categories?post=26030"},{"taxonomy":"post_tag","embeddable":true,"href":"https:\/\/blog.ilgiornale.it\/ruzzo\/wp-json\/wp\/v2\/tags?post=26030"}],"curies":[{"name":"wp","href":"https:\/\/api.w.org\/{rel}","templated":true}]}}