{"id":26078,"date":"2019-05-06T16:44:10","date_gmt":"2019-05-06T14:44:10","guid":{"rendered":"https:\/\/blog.ilgiornale.it\/ruzzo\/?p=26078"},"modified":"2019-05-06T16:44:10","modified_gmt":"2019-05-06T14:44:10","slug":"riapre-il-vigorelli-ma-aveva-gia-riaperto","status":"publish","type":"post","link":"https:\/\/blog.ilgiornale.it\/ruzzo\/2019\/05\/06\/riapre-il-vigorelli-ma-aveva-gia-riaperto\/","title":{"rendered":"Riapre il Vigorelli ( ma aveva gi\u00e0 riaperto&#8230;)"},"content":{"rendered":"<p><a href=\"https:\/\/blog.ilgiornale.it\/ruzzo\/files\/2019\/05\/vig1.png\"><img loading=\"lazy\" class=\"alignleft size-medium wp-image-26081\" src=\"https:\/\/blog.ilgiornale.it\/ruzzo\/files\/2019\/05\/vig1-300x263.png\" alt=\"vig\" width=\"300\" height=\"263\" srcset=\"https:\/\/blog.ilgiornale.it\/ruzzo\/files\/2019\/05\/vig1-300x263.png 300w, https:\/\/blog.ilgiornale.it\/ruzzo\/files\/2019\/05\/vig1.png 587w\" sizes=\"(max-width: 300px) 100vw, 300px\" \/><\/a>Riapre il <strong>Vigorelli<\/strong>. In realt\u00e0 aveva gi\u00e0 riaperto da tempo grazie alla passione del<strong> Comitato Vigorelli<\/strong> che nei due anni passati l&#8217;ha tenuto vivo. L&#8217;ha aperto agli amatori, ai curiosi, a chi passava di l\u00ec e ci buttava dentro un occhio perch\u00e8, tanti anni fa magari, su quelle assi ci aveva visto sprintare Maspes e solo a guardarle quelle paraboliche gli veniva un tuffo al cuore. Ma questa \u00e8 un&#8217;altra storia. Bando alla nostalgia: ora il Comune di Milano annuncia che il Vigorelli riapre e lo fa definendo il palinsesto quasi fosse una tv e non il luogo magico che \u00e8.\u00a0 Gli spazi dell&#8217;impianto, gestito da<strong> Milanosport,<\/strong> saranno ( ma in parte gi\u00e0 lo sono) a disposizione del football americano, delle scuole di calcio e mini rugby. \u00abInoltre, prosegue la collaborazione con <strong>Federciclismo<\/strong> che qui organizza regolarmente iniziative e manifestazioni su pista- spiega Palazzo Marino- e poter mettere il Vigorelli a disposizione della nazionale di ciclismo su pista per i suoi allenamenti a causa dell&#8217;attuale inagibilit\u00e0 del velodromo di Montichiari \u00e8 motivo di grande soddisfazione\u00bb.\u00a0 Il palinsesto (sic!)\u00a0\u00a0consente un utilizzo immediato e diffuso dell&#8217;impianto e rimarr\u00e0 in vigore fino al prossimo autunno, quando inizieranno gli ultimi lavori di riqualificazione degli spogliatoi e degli spazi sottotribuna, a carico di City Life. Il Vigorelli torna cos\u00ec nella piena disposizione dei milanesi dopo anni di buio e di abbandono.\u00a0 Tutto bene quindi? Non proprio.\u00a0 \u00abCi\u00f2 che il Comune annuncia oggi ci rende felici ma anche un po&#8217; tristi- spiega il <strong>Comitato Vigorelli<\/strong> in una nota- Era il nostro sogno, \u00e8 stata la nostra missione. Abbiamo dato l&#8217;anima per questo obiettivo. Oggi siamo partecipi e contenti di questo risultato, davvero importante per lo sport e per la citt\u00e0 di Milano. Tuttavia, ci dispiace un po&#8217;: perch\u00e9 la nostra ASD \u00e8 l&#8217;unica societ\u00e0 sportiva, tra quelle attive al Velodromo, a non essere menzionata nel comunicato. Se il Vigorelli torna a essere un impianto operativo e disponibile per le diverse realt\u00e0 sportive Milanesi, \u00e8 anche perch\u00e9 noi ci siamo battuti per dimostrare che proprio ci\u00f2 era possibile e necessario. L&#8217;abbiamo fatto aprendo il velodromo agli amatori, con regolarit\u00e0, nel corso dei due anni passati, ma anche organizzando eventi e manifestazioni importanti, sostenuti solo dalle nostre forze e dagli sponsor che da anni credono in noi e nella nostra seriet\u00e0. Non abbiamo mai voluto che qualcuno ci dicesse grazie. Ci sembra triste, per\u00f2, che di noi ci si dimentichi proprio ora\u00bb. Peccato, forse sarebbe bastato un grazie, il riconoscimento ad un impegno civico che oggi \u00e8 merce rara e che per\u00f2 quando c&#8217;\u00e8 fa la differenza.\u00a0 &#8220;Noi continueremo a lavorare per il Vigorelli come abbiamo sempre fatto- continua il Comitato-\u00a0 Il nostro obiettivo primario, per il futuro, \u00e8 realizzare una nuova scuola di ciclismo al Velodromo. Come nei suoi anni gloriosi. Riportare bambini e ragazzi in bici e in pista. Abbiamo elaborato un progetto solido e abbiamo ottimi istruttori tecnici di livello nazionale. Lo presenteremo prossimamente nelle sedi istituzionali. Siamo certi che Comune di Milano e Federazione Ciclistica Italiana sapranno valorizzare questa nostra proposta, aiutandoci a trasformarla in una realt\u00e0 concreta&#8230;&#8221;.<\/p>\n","protected":false},"excerpt":{"rendered":"<p><p>Riapre il Vigorelli. In realt\u00e0 aveva gi\u00e0 riaperto da tempo grazie alla passione del Comitato Vigorelli che nei due anni passati l&#8217;ha tenuto vivo. L&#8217;ha aperto agli amatori, ai curiosi, a chi passava di l\u00ec e ci buttava dentro un occhio perch\u00e8, tanti anni fa magari, su quelle assi ci aveva visto sprintare Maspes e solo a guardarle quelle paraboliche gli veniva un tuffo al cuore. Ma questa \u00e8 un&#8217;altra storia. Bando alla nostalgia: ora il Comune di Milano annuncia che il Vigorelli riapre e lo fa definendo il palinsesto quasi fosse una tv e non il luogo magico che [&hellip;]<\/p>\n&nbsp;&nbsp;<div class=\"readmore\"><a href=\"https:\/\/blog.ilgiornale.it\/ruzzo\/2019\/05\/06\/riapre-il-vigorelli-ma-aveva-gia-riaperto\/\">Continua a leggere...<\/a><\/div><\/p>","protected":false},"author":956,"featured_media":0,"comment_status":"open","ping_status":"closed","sticky":false,"template":"","format":"standard","meta":[],"categories":[1],"tags":[],"_links":{"self":[{"href":"https:\/\/blog.ilgiornale.it\/ruzzo\/wp-json\/wp\/v2\/posts\/26078"}],"collection":[{"href":"https:\/\/blog.ilgiornale.it\/ruzzo\/wp-json\/wp\/v2\/posts"}],"about":[{"href":"https:\/\/blog.ilgiornale.it\/ruzzo\/wp-json\/wp\/v2\/types\/post"}],"author":[{"embeddable":true,"href":"https:\/\/blog.ilgiornale.it\/ruzzo\/wp-json\/wp\/v2\/users\/956"}],"replies":[{"embeddable":true,"href":"https:\/\/blog.ilgiornale.it\/ruzzo\/wp-json\/wp\/v2\/comments?post=26078"}],"version-history":[{"count":2,"href":"https:\/\/blog.ilgiornale.it\/ruzzo\/wp-json\/wp\/v2\/posts\/26078\/revisions"}],"predecessor-version":[{"id":26082,"href":"https:\/\/blog.ilgiornale.it\/ruzzo\/wp-json\/wp\/v2\/posts\/26078\/revisions\/26082"}],"wp:attachment":[{"href":"https:\/\/blog.ilgiornale.it\/ruzzo\/wp-json\/wp\/v2\/media?parent=26078"}],"wp:term":[{"taxonomy":"category","embeddable":true,"href":"https:\/\/blog.ilgiornale.it\/ruzzo\/wp-json\/wp\/v2\/categories?post=26078"},{"taxonomy":"post_tag","embeddable":true,"href":"https:\/\/blog.ilgiornale.it\/ruzzo\/wp-json\/wp\/v2\/tags?post=26078"}],"curies":[{"name":"wp","href":"https:\/\/api.w.org\/{rel}","templated":true}]}}