{"id":26090,"date":"2019-05-08T20:44:31","date_gmt":"2019-05-08T18:44:31","guid":{"rendered":"https:\/\/blog.ilgiornale.it\/ruzzo\/?p=26090"},"modified":"2019-05-08T20:48:40","modified_gmt":"2019-05-08T18:48:40","slug":"il-giro-di-paola-in-fuga-per-la-sicurezza","status":"publish","type":"post","link":"https:\/\/blog.ilgiornale.it\/ruzzo\/2019\/05\/08\/il-giro-di-paola-in-fuga-per-la-sicurezza\/","title":{"rendered":"Il Giro di Paola, in fuga per la sicurezza"},"content":{"rendered":"<p><a href=\"https:\/\/blog.ilgiornale.it\/ruzzo\/files\/2019\/05\/pao.jpg\"><img loading=\"lazy\" class=\"alignright size-medium wp-image-26091\" src=\"https:\/\/blog.ilgiornale.it\/ruzzo\/files\/2019\/05\/pao-225x300.jpg\" alt=\"pao\" width=\"225\" height=\"300\" srcset=\"https:\/\/blog.ilgiornale.it\/ruzzo\/files\/2019\/05\/pao-225x300.jpg 225w, https:\/\/blog.ilgiornale.it\/ruzzo\/files\/2019\/05\/pao.jpg 720w\" sizes=\"(max-width: 225px) 100vw, 225px\" \/><\/a>E&#8217; il Giro di Paola<strong>. <\/strong>Un Giro che gioca d&#8217;anticipo, corre davanti, \u00a0tappa dopo tappa perch\u00e8 c&#8217;\u00e8 un&#8217;idea che \u00e8 diventata una fissa e meno male che \u00e8 cos\u00ec. Pedalare davanti per promuovere la sicurezza stradale, per far s\u00ec che se ne parli, che si faccia qualcosa e che le parole diventino gesti, coscienza e senso civico.\u00a0 <strong>Paola Gianotti<\/strong> parte prima. Parte domani per pedalare sulle strade della corsa come aveva gi\u00e0 fatto lo scorso anno. <em>Repetita iuvant&#8230;<\/em> Via da Bologna: quasi quattromila chilometri sulle strade del Giro.\u00a0Stesse curve, stesse salite e stesse difficolt\u00e0. Arrivo\u00a0il 2 giugno a Verona con uno sprint che la incoroner\u00e0 in rosa a prescindere. Chi pedala cos\u00ec vince, non c&#8217;\u00e8 storia. Chi pedala da cos\u00ec \u00e8 da Guinnes anche se poi lei lo \u00e8 davvero perch\u00e8 \u00e8 l&#8217;unica\u00a0ad aver fatto il giro del mondo in bici attraversando\u00a048 stati negli Stati Uniti ed il Giappone. E non solo quello: &#8220;Ho deciso di ripetere il Giro\u00a0 perch\u00e9 lo scorso anno ho vissuto delle emozioni incredibili- racconta-\u00a0 e mi sono resa conto di quante persone sentissero proprio il messaggio del rispetto del ciclista. Non\u00a0 ho mai pedalato una tappa da sola perch\u00e9 in tantissimi si sono uniti per accompagnarmi in tutte le\u00a0tappe. Pedalare sulle strade di casa con tantissimo tifo mi ha fatto capire ancora di pi\u00f9 quanto il\u00a0ciclismo sia uno sport di tutti e il Giro d\u2019Italia sia una vera e propria festa in tutti i comuni dove\u00a0transita. Quest\u2019anno sono ancora pi\u00f9 emozionata perch\u00e9 tre tappe sono in Piemonte e la\u00a0 quindicesima tappa parte proprio dalla mia Ivrea dove sto organizzando un grande evento con centinaia di ciclisti&#8221;.\u00a0 Sulle maglie, sui camper che la seguiranno, sulle tv e sui giornali che ne parleranno far\u00e0 buona mostra di s\u00e8 il logo giallo &#8220;Io rispetto il ciclista&#8221; che \u00e8 poi lo slogan della campagna ideata insieme con <strong>Marco Cavorso.<\/strong> &#8220;Il messaggio pi\u00f9 importante che voglio far nuovamente passare \u00e8 quello della giusta convivenza tra\u00a0ciclista e automobilista sulla strada perch\u00e9 non credo che un morto ogni 35 ore\u00a0 sia\u00a0ancora accettabile- spiega Paola Gianotti- Per questo negli ultimi mesi insieme a Marco Cavorso e Alessandra\u00a0Cappellotto dell\u2019Associazione corridori professionisti abbiano presentato al Ministro Danilo Toninelli la proposta di inserire\u00a0nel codice stradale il sorpasso di un velocipede ad un metro e mezzo di distanza\u201d .\u00a0 E purtroppo ancora una materia liquida questa della sicurezza. Ma pi\u00f9 se ne parla e\u00a0 pi\u00f9 se ne discute, pi\u00f9 diventa solida e concreta. Tutto fa,\u00a0 anche pedalare davanti che non significa andare in fuga. Anzi. Mai come questa volta significa esserci&#8230;<\/p>\n","protected":false},"excerpt":{"rendered":"<p><p>E&#8217; il Giro di Paola. Un Giro che gioca d&#8217;anticipo, corre davanti, \u00a0tappa dopo tappa perch\u00e8 c&#8217;\u00e8 un&#8217;idea che \u00e8 diventata una fissa e meno male che \u00e8 cos\u00ec. Pedalare davanti per promuovere la sicurezza stradale, per far s\u00ec che se ne parli, che si faccia qualcosa e che le parole diventino gesti, coscienza e senso civico.\u00a0 Paola Gianotti parte prima. Parte domani per pedalare sulle strade della corsa come aveva gi\u00e0 fatto lo scorso anno. Repetita iuvant&#8230; Via da Bologna: quasi quattromila chilometri sulle strade del Giro.\u00a0Stesse curve, stesse salite e stesse difficolt\u00e0. Arrivo\u00a0il 2 giugno a Verona con [&hellip;]<\/p>\n&nbsp;&nbsp;<div class=\"readmore\"><a href=\"https:\/\/blog.ilgiornale.it\/ruzzo\/2019\/05\/08\/il-giro-di-paola-in-fuga-per-la-sicurezza\/\">Continua a leggere...<\/a><\/div><\/p>","protected":false},"author":956,"featured_media":0,"comment_status":"open","ping_status":"closed","sticky":false,"template":"","format":"standard","meta":[],"categories":[1],"tags":[],"_links":{"self":[{"href":"https:\/\/blog.ilgiornale.it\/ruzzo\/wp-json\/wp\/v2\/posts\/26090"}],"collection":[{"href":"https:\/\/blog.ilgiornale.it\/ruzzo\/wp-json\/wp\/v2\/posts"}],"about":[{"href":"https:\/\/blog.ilgiornale.it\/ruzzo\/wp-json\/wp\/v2\/types\/post"}],"author":[{"embeddable":true,"href":"https:\/\/blog.ilgiornale.it\/ruzzo\/wp-json\/wp\/v2\/users\/956"}],"replies":[{"embeddable":true,"href":"https:\/\/blog.ilgiornale.it\/ruzzo\/wp-json\/wp\/v2\/comments?post=26090"}],"version-history":[{"count":2,"href":"https:\/\/blog.ilgiornale.it\/ruzzo\/wp-json\/wp\/v2\/posts\/26090\/revisions"}],"predecessor-version":[{"id":26093,"href":"https:\/\/blog.ilgiornale.it\/ruzzo\/wp-json\/wp\/v2\/posts\/26090\/revisions\/26093"}],"wp:attachment":[{"href":"https:\/\/blog.ilgiornale.it\/ruzzo\/wp-json\/wp\/v2\/media?parent=26090"}],"wp:term":[{"taxonomy":"category","embeddable":true,"href":"https:\/\/blog.ilgiornale.it\/ruzzo\/wp-json\/wp\/v2\/categories?post=26090"},{"taxonomy":"post_tag","embeddable":true,"href":"https:\/\/blog.ilgiornale.it\/ruzzo\/wp-json\/wp\/v2\/tags?post=26090"}],"curies":[{"name":"wp","href":"https:\/\/api.w.org\/{rel}","templated":true}]}}