{"id":26095,"date":"2019-05-09T18:53:59","date_gmt":"2019-05-09T16:53:59","guid":{"rendered":"https:\/\/blog.ilgiornale.it\/ruzzo\/?p=26095"},"modified":"2019-05-09T18:53:59","modified_gmt":"2019-05-09T16:53:59","slug":"da-calaponte-a-compostela-sabrina-si-rimette-in-viaggio","status":"publish","type":"post","link":"https:\/\/blog.ilgiornale.it\/ruzzo\/2019\/05\/09\/da-calaponte-a-compostela-sabrina-si-rimette-in-viaggio\/","title":{"rendered":"Da Calaponte a Compostela: Sabrina si rimette in viaggio"},"content":{"rendered":"<div>\n<p><strong><a href=\"https:\/\/blog.ilgiornale.it\/ruzzo\/files\/2019\/05\/sab.jpg\"><img loading=\"lazy\" class=\"alignright size-medium wp-image-26097\" src=\"https:\/\/blog.ilgiornale.it\/ruzzo\/files\/2019\/05\/sab-300x300.jpg\" alt=\"sab\" width=\"300\" height=\"300\" srcset=\"https:\/\/blog.ilgiornale.it\/ruzzo\/files\/2019\/05\/sab-300x300.jpg 300w, https:\/\/blog.ilgiornale.it\/ruzzo\/files\/2019\/05\/sab-150x150.jpg 150w, https:\/\/blog.ilgiornale.it\/ruzzo\/files\/2019\/05\/sab.jpg 960w\" sizes=\"(max-width: 300px) 100vw, 300px\" \/><\/a>\u00abRace Across Limits\u00bb <\/strong>\u00e8 sempre qualcosa in pi\u00f9 di un viaggio. E un&#8217;avventura, una lunga fatica per cercare qualcosa che si \u00e8 perso, per ritrovarsi, per riprendere in mano una vita che il destino ha provato a sfilarti. Ma \u00e8 soprattutto un sogno a pedali per\u00a0 permettere anche ad altri di sognare e che questa volta regaler\u00e0 speranza ( e fondi) al progetto <strong>Raise<\/strong> di <strong>Come Collaboration onlus<\/strong> dedicato alla cura e alla assistenza dei neonati prematuri e dei bimbi disabili. <strong>Sabrina Schillaci,<\/strong> architetto di Besana Brianza che gi\u00e0 lo scorso anno si era messa in viaggio da Monza a Compostela per la stessa causa, riparte. E riparte due volte. Domattina per attraversare l&#8217;Italia da Nord a Sud, dalla Lombardia alla Puglia percorrendo la costa adriatica fino a Polignano a mare. Dieci giorni, dieci tappe, dieci incontri per parlare della sua prossima impresa, per incontrare atleti, ciclisti, amici ma anche per partecipare al <strong>Cala Ponte triweek<\/strong> (<a href=\"https:\/\/www.calapontetriweek.com\/\" target=\"_blank\" rel=\"noopener\">www.calapontetriweek.com<\/a>) un triathlon dove, con il giornalista di <strong>Triathlete Fabio d&#8217;Annunzio<\/strong> che pedaler\u00e0 e racconter\u00e0 il viaggio con un diario quotidiano, far\u00e0 parte di <strong>&#8220;Tri Chance&#8221;<\/strong>una staffetta\u00a0 con i detenuti del carcere figlia di un progetto di &#8220;riscatto&#8221; pensato e realizzato con la necessaria caparbiet\u00e0\u00a0nella casa circondariale di Trani. E questo \u00e8 solo l&#8217;antipasto. La seconda tappa di Race Across Limits\u00a0 partir\u00e0 a met\u00e0 luglio: &#8220;E&#8217; la sfida di quest&#8217;anno- spiega sul suo sito <strong>Sabrina Schillaci<\/strong>&#8211;\u00a0 4mila chilometri\u00a0 con oltre 45 mila metri di dislivello in sella alla mia bici partendo da Besana in Brianza verso le montagne sul confine italo francese:\u00a0 passeremo da Briancon, Embrun, pedaleremo nei Parchi montuosi pi\u00f9 affascinanti e giungeremo in Provenza che lasceremo solo per costeggiare i Pirenei che ci porteranno a Biarritz da dove intraprenderemo il pi\u00f9 selvaggio Cammino del Nord verso Santiago de Compostela. Giungeremo davanti alla Cattedrale di Santiago per poi percorrere il Cammino Francese e arrivare a Nizza in Costa Azzurra&#8221;. Fine. Ma \u00e8 solo l&#8217;inizio perch\u00e8 chilometro dopo chilometro, tappa dopo tappa, il viaggio, come \u00e8 successo lo scorso anno, diventer\u00e0 l&#8217;occasione per incontrare persone, far conoscere il progetto per cui si stanno raccogliendo fondi,\u00a0 socializzare e condividere.\u00a0 &#8220;L&#8217;idea \u00e8 nata un po\u2019 per caso- racconta- Due anni fa durante un lungo allenamento di bici in preparazione dell\u2019Ironman di Nizza, mi sono ritrovata a pensare che la rabbia che avevo provato nei confronti di un destino che ritenevo ingiusto e che aveva, dopo un tuffo in mare, obbligato su una sedia a rotelle mio marito cambiando la prospettiva della nostra vita, si era dileguata lasciando il posto ad un senso di gratitudine per l\u2019opportunit\u00e0 che mi era stata data, cio\u00e8 quella di\u00a0crescere, migliorare e soprattutto cominciare ad apprezzare realmente ci\u00f2 che avevo&#8230;&#8221;.\u00a0 Un&#8217;altra avventura. Un altro futuro che non sempre \u00e8 come ti aspetti, che non \u00e8 scritto da nessuna parte.\u00a0 La normalit\u00e0 di una vita che ritrovi quando meno te l\u2019aspetti,\u00a0 quando all&#8217;improvviso i conti tornano. E non importa se se su una bici a pedalare&#8230;Anzi.<\/p>\n<p><a href=\"https:\/\/sabrinaschillaci.it\/\">https:\/\/sabrinaschillaci.it\/<\/a><\/p>\n<\/div>\n","protected":false},"excerpt":{"rendered":"<p><p>\u00abRace Across Limits\u00bb \u00e8 sempre qualcosa in pi\u00f9 di un viaggio. E un&#8217;avventura, una lunga fatica per cercare qualcosa che si \u00e8 perso, per ritrovarsi, per riprendere in mano una vita che il destino ha provato a sfilarti. Ma \u00e8 soprattutto un sogno a pedali per\u00a0 permettere anche ad altri di sognare e che questa volta regaler\u00e0 speranza ( e fondi) al progetto Raise di Come Collaboration onlus dedicato alla cura e alla assistenza dei neonati prematuri e dei bimbi disabili. Sabrina Schillaci, architetto di Besana Brianza che gi\u00e0 lo scorso anno si era messa in viaggio da Monza a [&hellip;]<\/p>\n&nbsp;&nbsp;<div class=\"readmore\"><a href=\"https:\/\/blog.ilgiornale.it\/ruzzo\/2019\/05\/09\/da-calaponte-a-compostela-sabrina-si-rimette-in-viaggio\/\">Continua a leggere...<\/a><\/div><\/p>","protected":false},"author":956,"featured_media":0,"comment_status":"open","ping_status":"closed","sticky":false,"template":"","format":"standard","meta":[],"categories":[1],"tags":[],"_links":{"self":[{"href":"https:\/\/blog.ilgiornale.it\/ruzzo\/wp-json\/wp\/v2\/posts\/26095"}],"collection":[{"href":"https:\/\/blog.ilgiornale.it\/ruzzo\/wp-json\/wp\/v2\/posts"}],"about":[{"href":"https:\/\/blog.ilgiornale.it\/ruzzo\/wp-json\/wp\/v2\/types\/post"}],"author":[{"embeddable":true,"href":"https:\/\/blog.ilgiornale.it\/ruzzo\/wp-json\/wp\/v2\/users\/956"}],"replies":[{"embeddable":true,"href":"https:\/\/blog.ilgiornale.it\/ruzzo\/wp-json\/wp\/v2\/comments?post=26095"}],"version-history":[{"count":2,"href":"https:\/\/blog.ilgiornale.it\/ruzzo\/wp-json\/wp\/v2\/posts\/26095\/revisions"}],"predecessor-version":[{"id":26098,"href":"https:\/\/blog.ilgiornale.it\/ruzzo\/wp-json\/wp\/v2\/posts\/26095\/revisions\/26098"}],"wp:attachment":[{"href":"https:\/\/blog.ilgiornale.it\/ruzzo\/wp-json\/wp\/v2\/media?parent=26095"}],"wp:term":[{"taxonomy":"category","embeddable":true,"href":"https:\/\/blog.ilgiornale.it\/ruzzo\/wp-json\/wp\/v2\/categories?post=26095"},{"taxonomy":"post_tag","embeddable":true,"href":"https:\/\/blog.ilgiornale.it\/ruzzo\/wp-json\/wp\/v2\/tags?post=26095"}],"curies":[{"name":"wp","href":"https:\/\/api.w.org\/{rel}","templated":true}]}}