{"id":26103,"date":"2019-05-11T16:53:52","date_gmt":"2019-05-11T14:53:52","guid":{"rendered":"https:\/\/blog.ilgiornale.it\/ruzzo\/?p=26103"},"modified":"2019-05-11T16:53:52","modified_gmt":"2019-05-11T14:53:52","slug":"il-broker-che-sinabissa-per-il-mondiale-dapnea","status":"publish","type":"post","link":"https:\/\/blog.ilgiornale.it\/ruzzo\/2019\/05\/11\/il-broker-che-sinabissa-per-il-mondiale-dapnea\/","title":{"rendered":"Il broker che s&#8217;inabissa per il mondiale d&#8217;apnea"},"content":{"rendered":"<p><a href=\"https:\/\/blog.ilgiornale.it\/ruzzo\/files\/2019\/05\/brok.jpg\"><img loading=\"lazy\" class=\"alignleft size-medium wp-image-26104\" src=\"https:\/\/blog.ilgiornale.it\/ruzzo\/files\/2019\/05\/brok-202x300.jpg\" alt=\"brok\" width=\"202\" height=\"300\" srcset=\"https:\/\/blog.ilgiornale.it\/ruzzo\/files\/2019\/05\/brok-202x300.jpg 202w, https:\/\/blog.ilgiornale.it\/ruzzo\/files\/2019\/05\/brok.jpg 533w\" sizes=\"(max-width: 202px) 100vw, 202px\" \/><\/a><strong>Si caler\u00e0 negli abissi del Mar Rosso<\/strong> e prover\u00e0 a scendere fino a 131 metri. Homar Leuci, 43 anni milanese una laurea in economia e commercio alla Cattolica e il \u00abcertificate\u00bb di broker ottenuto a Londra per lavorare in Borsa che per\u00f2 questa volta non gli serviranno, tenter\u00e0 di riportare, 17 anni dopo il record del mondo di Umberto Pelizzari, il primato in Italia di apnea in assetto costante. Tutto di un fiato fino a dove si pu\u00f2, fino a dove nessuno immagina, fin a dove nel mare finisce la luce e fino a dove per arrivare servono allenamenti ma anche testa e coraggio: \u00abL&#8217;idea dell&#8217;uomo che con un respiro raggiunge le profondit\u00e0 pi\u00f9 segrete degli abissi- racconta spesso Leuci- mi ha sempre affascinato, e pi\u00f9 intimamente \u00e8 la curiosit\u00e0 di spingersi l\u00e0 dove nessuno \u00e8 mai arrivato che mi ha fatto appassionare a questa disciplina\u00bb.<\/p>\n<p><strong>E cos\u00ec dal 22 al 29 giugno a Sharm el-Sheikh,<\/strong> nelle acque del Freediving World Apnea Center, la struttura dove sosterr\u00e0 anche gli allenamenti di preparazione, Leuci lancer\u00e0 la sua sfida. Il record sar\u00e0 tentato alla presenza di Aida (Association for Development of Apnea), l&#8217;Associazione internazionale che regolamenta le competizioni di apnea e la registrazione dei record mondiali.<\/p>\n<p><strong>Appassionato di sport fin da ragazzo<\/strong> dopo aver giocato a calcio ed essersi poi dedicato alla corsa campestre, scopre la passione per l&#8217;apnea pi\u00f9 avanti, all&#8217;et\u00e0 di 27 anni. Cos\u00ec nel 2003 inizia a fare immersioni, superando vari limiti che gli suggerivano di non intraprendere la strada dell&#8217;agonismo anche perch\u00e8 da bambino aveva una patologia del timpano ed essere nato in una citt\u00e0 come Milano non gli ha permesso di allenarsi costantemente al mare. Oggi \u00e8 il pi\u00f9 grande apneista italiano in attivit\u00e0.<\/p>\n<p><strong>Ha raggiunto il suo primo record di apnea<\/strong> in piscina dinamica nel 2004 e da allora non si \u00e8 pi\u00f9 fermato. Ha stabilito 28 record in tutte le discipline, conquistando 7 record mondiali e 19 italiani, stabilendo 2 Guinness World Record. Inoltre ha conquistato 10 titoli italiani e 4 internazionali tra cui l&#8217;oro al Campionato Mondiale di apnea profonda nel 2016. Alla vigilia della partenza ha lanciato un progetto di crowdfunding sulla piattaforma \u00abProduzioni dal Basso\u00bb per sostenere la sua impresa: \u00abNella mia vita ho superato tanti limiti per fare immersioni. E l&#8217;amore per l&#8217;apnea mi ha sempre ripagato- spiega- Ho raggiunto tanti obiettivi e continuo a lavorare per questo sport in cui ho riconosciuto me stesso e tutto quello che voglio essere. Ma per conquistare il mio prossimo traguardo ho bisogno del sostegno di tutti quelli che amano questa disciplina o che scopriranno la sua bellezza per la prima volta&#8230;\u00bb.<\/p>\n<p><strong>Raccolta di fondi necessaria<\/strong> dopo la sua uscita dalla FIPSAS, la Federazione Sportiva e Attivit\u00e0 Subacquee che , se da un lato gli ha permesso di sperimentare un percorso di crescita diverso, dall&#8217;altro, gli ha imposto di farsi carico personalmente di tutte le attivit\u00e0 e di tutte le spese legate all&#8217;apnea: \u00abL&#8217;obiettivo pi\u00f9 grande continua Leuci- \u00e8 quello di riportare il record del mondo di apnea in Italia. Per questo ogni singola donazione sar\u00e0 una boccata di ossigeno e un&#8217;opportunit\u00e0 in pi\u00f9 per raggiungerlo, tutti insieme. Se riuscir\u00f2 nell&#8217;impresa, infatti, la mia vittoria non sar\u00e0 solo mia ma di tutti quelli che avranno contribuito a realizzare il mio sogno&#8230;\u00bb<\/p>\n","protected":false},"excerpt":{"rendered":"<p><p>Si caler\u00e0 negli abissi del Mar Rosso e prover\u00e0 a scendere fino a 131 metri. Homar Leuci, 43 anni milanese una laurea in economia e commercio alla Cattolica e il \u00abcertificate\u00bb di broker ottenuto a Londra per lavorare in Borsa che per\u00f2 questa volta non gli serviranno, tenter\u00e0 di riportare, 17 anni dopo il record del mondo di Umberto Pelizzari, il primato in Italia di apnea in assetto costante. Tutto di un fiato fino a dove si pu\u00f2, fino a dove nessuno immagina, fin a dove nel mare finisce la luce e fino a dove per arrivare servono allenamenti ma [&hellip;]<\/p>\n&nbsp;&nbsp;<div class=\"readmore\"><a href=\"https:\/\/blog.ilgiornale.it\/ruzzo\/2019\/05\/11\/il-broker-che-sinabissa-per-il-mondiale-dapnea\/\">Continua a leggere...<\/a><\/div><\/p>","protected":false},"author":956,"featured_media":0,"comment_status":"open","ping_status":"closed","sticky":false,"template":"","format":"standard","meta":[],"categories":[1],"tags":[],"_links":{"self":[{"href":"https:\/\/blog.ilgiornale.it\/ruzzo\/wp-json\/wp\/v2\/posts\/26103"}],"collection":[{"href":"https:\/\/blog.ilgiornale.it\/ruzzo\/wp-json\/wp\/v2\/posts"}],"about":[{"href":"https:\/\/blog.ilgiornale.it\/ruzzo\/wp-json\/wp\/v2\/types\/post"}],"author":[{"embeddable":true,"href":"https:\/\/blog.ilgiornale.it\/ruzzo\/wp-json\/wp\/v2\/users\/956"}],"replies":[{"embeddable":true,"href":"https:\/\/blog.ilgiornale.it\/ruzzo\/wp-json\/wp\/v2\/comments?post=26103"}],"version-history":[{"count":1,"href":"https:\/\/blog.ilgiornale.it\/ruzzo\/wp-json\/wp\/v2\/posts\/26103\/revisions"}],"predecessor-version":[{"id":26105,"href":"https:\/\/blog.ilgiornale.it\/ruzzo\/wp-json\/wp\/v2\/posts\/26103\/revisions\/26105"}],"wp:attachment":[{"href":"https:\/\/blog.ilgiornale.it\/ruzzo\/wp-json\/wp\/v2\/media?parent=26103"}],"wp:term":[{"taxonomy":"category","embeddable":true,"href":"https:\/\/blog.ilgiornale.it\/ruzzo\/wp-json\/wp\/v2\/categories?post=26103"},{"taxonomy":"post_tag","embeddable":true,"href":"https:\/\/blog.ilgiornale.it\/ruzzo\/wp-json\/wp\/v2\/tags?post=26103"}],"curies":[{"name":"wp","href":"https:\/\/api.w.org\/{rel}","templated":true}]}}